{"id":5562,"date":"2024-06-13T15:21:56","date_gmt":"2024-06-13T15:21:56","guid":{"rendered":"https:\/\/albaicin-event.be\/?p=5562"},"modified":"2024-06-13T15:52:42","modified_gmt":"2024-06-13T15:52:42","slug":"villa-privee-marrakech","status":"publish","type":"post","link":"https:\/\/albaicin-event.be\/nl\/2024\/06\/13\/villa-privee-marrakech\/","title":{"rendered":"Villa Priv\u00e9e Marrakech"},"content":{"rendered":"<div data-elementor-type=\"wp-post\" data-elementor-id=\"5562\" class=\"elementor elementor-5562\" data-elementor-post-type=\"post\">\n\t\t\t\t<div class=\"elementor-element elementor-element-3ca24acd e-flex e-con-boxed e-con e-parent\" data-id=\"3ca24acd\" data-element_type=\"container\">\n\t\t\t\t\t<div class=\"e-con-inner\">\n\t\t\t\t<div class=\"elementor-element elementor-element-7d05a466 elementor-widget elementor-widget-heading\" data-id=\"7d05a466\" data-element_type=\"widget\" data-widget_type=\"heading.default\">\n\t\t\t\t<div class=\"elementor-widget-container\">\n\t\t\t<h1 class=\"elementor-heading-title elementor-size-default\">villa pour les vacances Marrakech : D\u00e9couvrez la Villa Albaicin-Event, un Havre de Luxe et de S\u00e9r\u00e9nit\u00e9<\/h1>\t\t<\/div>\n\t\t\t\t<\/div>\n\t\t\t\t\t<\/div>\n\t\t\t\t<\/div>\n\t\t<div class=\"elementor-element elementor-element-247f1483 e-con-full e-flex e-con e-parent\" data-id=\"247f1483\" data-element_type=\"container\">\n\t\t<div class=\"elementor-element elementor-element-136341ad e-con-full e-flex e-con e-child\" data-id=\"136341ad\" data-element_type=\"container\" data-settings=\"{&quot;background_background&quot;:&quot;classic&quot;}\">\n\t\t\t\t<div class=\"elementor-element elementor-element-2da788d3 elementor-widget elementor-widget-image\" data-id=\"2da788d3\" data-element_type=\"widget\" data-widget_type=\"image.default\">\n\t\t\t\t<div class=\"elementor-widget-container\">\n\t\t\t\t\t\t\t\t\t\t\t\t\t<img decoding=\"async\" width=\"1024\" height=\"683\" src=\"https:\/\/albaicin-event.be\/wp-content\/uploads\/2023\/12\/\u00a9Marwane-SOBAI_MG_5638-copie-1-1024x683.webp\" class=\"attachment-large size-large wp-image-1021\" alt=\"\" srcset=\"https:\/\/albaicin-event.be\/wp-content\/uploads\/2023\/12\/\u00a9Marwane-SOBAI_MG_5638-copie-1-1024x683.webp 1024w, https:\/\/albaicin-event.be\/wp-content\/uploads\/2023\/12\/\u00a9Marwane-SOBAI_MG_5638-copie-1-300x200.webp 300w, https:\/\/albaicin-event.be\/wp-content\/uploads\/2023\/12\/\u00a9Marwane-SOBAI_MG_5638-copie-1-768x512.webp 768w, https:\/\/albaicin-event.be\/wp-content\/uploads\/2023\/12\/\u00a9Marwane-SOBAI_MG_5638-copie-1.webp 1200w\" sizes=\"(max-width: 1024px) 100vw, 1024px\" \/>\t\t\t\t\t\t\t\t\t\t\t\t\t<\/div>\n\t\t\t\t<\/div>\n\t\t\t\t<div class=\"elementor-element elementor-element-138ab21e elementor-widget elementor-widget-heading\" data-id=\"138ab21e\" data-element_type=\"widget\" data-widget_type=\"heading.default\">\n\t\t\t\t<div class=\"elementor-widget-container\">\n\t\t\t<h3 class=\"elementor-heading-title elementor-size-default\">Introduction\n<\/h3>\t\t<\/div>\n\t\t\t\t<\/div>\n\t\t\t\t<div class=\"elementor-element elementor-element-72dff7da elementor-widget elementor-widget-text-editor\" data-id=\"72dff7da\" data-element_type=\"widget\" data-widget_type=\"text-editor.default\">\n\t\t\t\t<div class=\"elementor-widget-container\">\n\t\t\t\t\t\t\t<p>Situ\u00e9e au c\u0153ur de Marrakech, la villa priv\u00e9e est une oasis de luxe et de tranquillit\u00e9, offrant un cadre idyllique pour des vacances, des \u00e9v\u00e9nements sp\u00e9ciaux ou des retraites priv\u00e9es. Avec ses jardins luxuriants, ses \u00e9quipements modernes et son ambiance \u00e9l\u00e9gante, cette villa est une destination id\u00e9ale pour ceux qui cherchent \u00e0 vivre une exp\u00e9rience unique dans la ville rouge. Dans cet article, nous explorerons en profondeur les caract\u00e9ristiques, les avantages et les raisons pour lesquelles la villa priv\u00e9e Marrakech est une destination incontournable.<\/p><p>Marrakech, une ville renomm\u00e9e pour ses paysages pittoresques et son riche patrimoine culturel, est une destination pris\u00e9e par les voyageurs du monde entier. Parmi les nombreuses options d&rsquo;h\u00e9bergement disponibles, la villa priv\u00e9e Marrakech se distingue par son luxe in\u00e9gal\u00e9 et ses services exceptionnels. Que vous planifiez une escapade romantique, des vacances en famille ou un \u00e9v\u00e9nement sp\u00e9cial, cette villa offre une exp\u00e9rience m\u00e9morable qui combine le meilleur de l&rsquo;architecture marocaine traditionnelle et des commodit\u00e9s modernes.<\/p>\t\t\t\t\t\t<\/div>\n\t\t\t\t<\/div>\n\t\t<div class=\"elementor-element elementor-element-394aa057 e-flex e-con-boxed e-con e-child\" data-id=\"394aa057\" data-element_type=\"container\">\n\t\t\t\t\t<div class=\"e-con-inner\">\n\t\t\t\t<div class=\"elementor-element elementor-element-3cecfcdf elementor-widget elementor-widget-button\" data-id=\"3cecfcdf\" data-element_type=\"widget\" data-widget_type=\"button.default\">\n\t\t\t\t<div class=\"elementor-widget-container\">\n\t\t\t\t\t\t\t<div class=\"elementor-button-wrapper\">\n\t\t\t\t\t<a class=\"elementor-button elementor-button-link elementor-size-sm\" href=\"https:\/\/albaicin-event.be\/nl\/location-residentielle-belgique\/\">\n\t\t\t\t\t\t<span class=\"elementor-button-content-wrapper\">\n\t\t\t\t\t\t\t\t\t<span class=\"elementor-button-text\">R\u00e9server maintenant<\/span>\n\t\t\t\t\t<\/span>\n\t\t\t\t\t<\/a>\n\t\t\t\t<\/div>\n\t\t\t\t\t\t<\/div>\n\t\t\t\t<\/div>\n\t\t\t\t<div class=\"elementor-element elementor-element-2f549f82 elementor-widget__width-initial elementor-widget elementor-widget-button\" data-id=\"2f549f82\" data-element_type=\"widget\" data-widget_type=\"button.default\">\n\t\t\t\t<div class=\"elementor-widget-container\">\n\t\t\t\t\t\t\t<div class=\"elementor-button-wrapper\">\n\t\t\t\t\t<a class=\"elementor-button elementor-button-link elementor-size-sm\" href=\"https:\/\/albaicin-event.be\/nl\/\">\n\t\t\t\t\t\t<span class=\"elementor-button-content-wrapper\">\n\t\t\t\t\t\t\t\t\t<span class=\"elementor-button-text\">En savoir plus<\/span>\n\t\t\t\t\t<\/span>\n\t\t\t\t\t<\/a>\n\t\t\t\t<\/div>\n\t\t\t\t\t\t<\/div>\n\t\t\t\t<\/div>\n\t\t\t\t\t<\/div>\n\t\t\t\t<\/div>\n\t\t\t\t<div class=\"elementor-element elementor-element-2f6d6a13 elementor-widget elementor-widget-heading\" data-id=\"2f6d6a13\" data-element_type=\"widget\" data-widget_type=\"heading.default\">\n\t\t\t\t<div class=\"elementor-widget-container\">\n\t\t\t<h3 class=\"elementor-heading-title elementor-size-default\">Pr\u00e9sentation G\u00e9n\u00e9rale\n<\/h3>\t\t<\/div>\n\t\t\t\t<\/div>\n\t\t\t\t<div class=\"elementor-element elementor-element-3c20e364 elementor-widget elementor-widget-heading\" data-id=\"3c20e364\" data-element_type=\"widget\" data-widget_type=\"heading.default\">\n\t\t\t\t<div class=\"elementor-widget-container\">\n\t\t\t<h5 class=\"elementor-heading-title elementor-size-default\">Histoire et Architecture de la villa priv\u00e9e Marrakech\n<\/h5>\t\t<\/div>\n\t\t\t\t<\/div>\n\t\t\t\t<div class=\"elementor-element elementor-element-7dd7f73a elementor-widget elementor-widget-text-editor\" data-id=\"7dd7f73a\" data-element_type=\"widget\" data-widget_type=\"text-editor.default\">\n\t\t\t\t<div class=\"elementor-widget-container\">\n\t\t\t\t\t\t\t<p>La villa priv\u00e9e Marrakech combine l&rsquo;\u00e9l\u00e9gance traditionnelle marocaine avec le confort moderne. Construite dans un style qui refl\u00e8te les influences architecturales de la r\u00e9gion, elle pr\u00e9sente des \u00e9l\u00e9ments tels que des arches sculpt\u00e9es, des mosa\u00efques color\u00e9es et des jardins ombrag\u00e9s. L&rsquo;histoire de cette villa remonte \u00e0 plusieurs d\u00e9cennies, faisant d&rsquo;elle un v\u00e9ritable t\u00e9moin du patrimoine architectural de Marrakech.<\/p><p>Marrakech, surnomm\u00e9e la ville rouge en raison de ses murs de terre rouge, est une ville aux mille visages. La villa priv\u00e9e Marrakech refl\u00e8te cette diversit\u00e9 avec une architecture qui m\u00e9lange des \u00e9l\u00e9ments traditionnels marocains et des touches modernes. Chaque d\u00e9tail de la villa, de ses portes en bois sculpt\u00e9 \u00e0 ses tuiles de zellige color\u00e9es, raconte une histoire de la riche culture et de l&rsquo;artisanat de la r\u00e9gion.<\/p>\t\t\t\t\t\t<\/div>\n\t\t\t\t<\/div>\n\t\t\t\t<div class=\"elementor-element elementor-element-30229b08 elementor-widget elementor-widget-heading\" data-id=\"30229b08\" data-element_type=\"widget\" data-widget_type=\"heading.default\">\n\t\t\t\t<div class=\"elementor-widget-container\">\n\t\t\t<h5 class=\"elementor-heading-title elementor-size-default\">Emplacement et Accessibilit\u00e9 de la villa priv\u00e9e Marrakech\n<\/h5>\t\t<\/div>\n\t\t\t\t<\/div>\n\t\t\t\t<div class=\"elementor-element elementor-element-49ae435e elementor-widget elementor-widget-text-editor\" data-id=\"49ae435e\" data-element_type=\"widget\" data-widget_type=\"text-editor.default\">\n\t\t\t\t<div class=\"elementor-widget-container\">\n\t\t\t\t\t\t\t<p>Situ\u00e9e \u00e0 quelques minutes du centre-ville de Marrakech, la villa est facilement accessible tout en offrant un cadre paisible loin de l&rsquo;agitation urbaine. Elle se trouve \u00e0 proximit\u00e9 des principales attractions touristiques, des march\u00e9s et des restaurants, permettant aux visiteurs de profiter pleinement de leur s\u00e9jour.<\/p><p>L&#8217;emplacement strat\u00e9gique de la villa priv\u00e9e Marrakech permet aux visiteurs de d\u00e9couvrir les tr\u00e9sors de Marrakech tout en jouissant d&rsquo;un havre de paix. \u00c0 proximit\u00e9, on trouve des sites embl\u00e9matiques comme la place Jemaa el-Fna, le jardin Majorelle et les souks anim\u00e9s. De plus, l&rsquo;a\u00e9roport international de Marrakech-Menara est \u00e0 seulement 20 minutes en voiture, facilitant ainsi l&rsquo;acc\u00e8s pour les voyageurs internationaux.<\/p>\t\t\t\t\t\t<\/div>\n\t\t\t\t<\/div>\n\t\t\t\t<div class=\"elementor-element elementor-element-62800b7 elementor-widget elementor-widget-heading\" data-id=\"62800b7\" data-element_type=\"widget\" data-widget_type=\"heading.default\">\n\t\t\t\t<div class=\"elementor-widget-container\">\n\t\t\t<h3 class=\"elementor-heading-title elementor-size-default\">Caract\u00e9ristiques de la Villa\n<\/h3>\t\t<\/div>\n\t\t\t\t<\/div>\n\t\t\t\t<div class=\"elementor-element elementor-element-53e2bb3c elementor-widget elementor-widget-heading\" data-id=\"53e2bb3c\" data-element_type=\"widget\" data-widget_type=\"heading.default\">\n\t\t\t\t<div class=\"elementor-widget-container\">\n\t\t\t<h5 class=\"elementor-heading-title elementor-size-default\">Design et D\u00e9coration de la villa priv\u00e9e Marrakech\n<\/h5>\t\t<\/div>\n\t\t\t\t<\/div>\n\t\t\t\t<div class=\"elementor-element elementor-element-77f7057e elementor-widget elementor-widget-text-editor\" data-id=\"77f7057e\" data-element_type=\"widget\" data-widget_type=\"text-editor.default\">\n\t\t\t\t<div class=\"elementor-widget-container\">\n\t\t\t\t\t\t\t<p>Le design int\u00e9rieur de la villa priv\u00e9e Marrakech est un m\u00e9lange harmonieux de tradition et de modernit\u00e9. Chaque pi\u00e8ce est d\u00e9cor\u00e9e avec des meubles artisanaux, des textiles marocains et des \u0153uvres d&rsquo;art locales, cr\u00e9ant une atmosph\u00e8re chaleureuse et accueillante. Les grandes baies vitr\u00e9es offrent une vue imprenable sur les jardins luxuriants et les montagnes environnantes.<\/p><p>La d\u00e9coration de la villa priv\u00e9e Marrakech est une c\u00e9l\u00e9bration de l&rsquo;artisanat marocain. Les plafonds en bois sculpt\u00e9, les lanternes en m\u00e9tal finement cisel\u00e9, et les tapis berb\u00e8res faits \u00e0 la main ajoutent une touche authentique et \u00e9l\u00e9gante \u00e0 chaque espace. Les couleurs riches et les textures vari\u00e9es cr\u00e9ent une ambiance accueillante et sophistiqu\u00e9e.<\/p>\t\t\t\t\t\t<\/div>\n\t\t\t\t<\/div>\n\t\t\t\t<div class=\"elementor-element elementor-element-45df9d7b elementor-widget elementor-widget-heading\" data-id=\"45df9d7b\" data-element_type=\"widget\" data-widget_type=\"heading.default\">\n\t\t\t\t<div class=\"elementor-widget-container\">\n\t\t\t<h5 class=\"elementor-heading-title elementor-size-default\">\u00c9quipements Modernes de la villa priv\u00e9e Marrakech\n<\/h5>\t\t<\/div>\n\t\t\t\t<\/div>\n\t\t\t\t<div class=\"elementor-element elementor-element-4ffc0cd2 elementor-widget elementor-widget-text-editor\" data-id=\"4ffc0cd2\" data-element_type=\"widget\" data-widget_type=\"text-editor.default\">\n\t\t\t\t<div class=\"elementor-widget-container\">\n\t\t\t\t\t\t\t<p>La villa est \u00e9quip\u00e9e de toutes les commodit\u00e9s modernes n\u00e9cessaires pour un s\u00e9jour confortable. Cela comprend une cuisine enti\u00e8rement \u00e9quip\u00e9e, des salles de bains luxueuses avec des produits de toilette haut de gamme, une piscine priv\u00e9e, un spa et un centre de bien-\u00eatre, ainsi qu&rsquo;un acc\u00e8s Wi-Fi haut d\u00e9bit dans toute la propri\u00e9t\u00e9.<\/p><p>Les \u00e9quipements de la villa priv\u00e9e Marrakech sont con\u00e7us pour offrir un confort maximal. La cuisine moderne est id\u00e9ale pour ceux qui aiment cuisiner, tandis que la piscine priv\u00e9e et le spa offrent des moments de d\u00e9tente in\u00e9gal\u00e9s. Chaque chambre est dot\u00e9e de literie de qualit\u00e9 sup\u00e9rieure, de climatisation et de syst\u00e8mes de divertissement modernes pour garantir un s\u00e9jour agr\u00e9able.<\/p>\t\t\t\t\t\t<\/div>\n\t\t\t\t<\/div>\n\t\t\t\t<div class=\"elementor-element elementor-element-22e669b1 elementor-widget elementor-widget-heading\" data-id=\"22e669b1\" data-element_type=\"widget\" data-widget_type=\"heading.default\">\n\t\t\t\t<div class=\"elementor-widget-container\">\n\t\t\t<h5 class=\"elementor-heading-title elementor-size-default\">Rapport qualit\u00e9-prix<\/h5>\t\t<\/div>\n\t\t\t\t<\/div>\n\t\t\t\t<div class=\"elementor-element elementor-element-493c156e elementor-widget elementor-widget-text-editor\" data-id=\"493c156e\" data-element_type=\"widget\" data-widget_type=\"text-editor.default\">\n\t\t\t\t<div class=\"elementor-widget-container\">\n\t\t\t\t\t\t\t<p>Bien que plus co\u00fbteuse que les h\u00f4tels standards, la location de prestige offre un rapport qualit\u00e9-prix sup\u00e9rieur en raison de son espace, de ses installations et de ses services. La villa Albaicin-event peut accueillir un grand nombre d&rsquo;invit\u00e9s, ce qui en fait un choix \u00e9conomique pour les familles nombreuses ou les groupes d&rsquo;amis. De plus, les services inclus, tels que le m\u00e9nage quotidien et les chefs priv\u00e9s, ajoutent une valeur suppl\u00e9mentaire.<\/p><p>En comparaison avec les h\u00f4tels de luxe, qui facturent souvent des frais suppl\u00e9mentaires pour les services de conciergerie et les installations, la villa offre un niveau de service plus \u00e9lev\u00e9 \u00e0 un co\u00fbt globalement inf\u00e9rieur.<\/p>\t\t\t\t\t\t<\/div>\n\t\t\t\t<\/div>\n\t\t\t\t<div class=\"elementor-element elementor-element-421702de elementor-widget elementor-widget-image\" data-id=\"421702de\" data-element_type=\"widget\" data-widget_type=\"image.default\">\n\t\t\t\t<div class=\"elementor-widget-container\">\n\t\t\t\t\t\t\t\t\t\t\t\t\t<img decoding=\"async\" width=\"1024\" height=\"683\" src=\"https:\/\/albaicin-event.be\/wp-content\/uploads\/2023\/12\/\u00a9Marwane-SOBAI_MG_5777-1-1024x683.webp\" class=\"attachment-large size-large wp-image-1024\" alt=\"\" srcset=\"https:\/\/albaicin-event.be\/wp-content\/uploads\/2023\/12\/\u00a9Marwane-SOBAI_MG_5777-1-1024x683.webp 1024w, https:\/\/albaicin-event.be\/wp-content\/uploads\/2023\/12\/\u00a9Marwane-SOBAI_MG_5777-1-300x200.webp 300w, https:\/\/albaicin-event.be\/wp-content\/uploads\/2023\/12\/\u00a9Marwane-SOBAI_MG_5777-1-768x512.webp 768w, https:\/\/albaicin-event.be\/wp-content\/uploads\/2023\/12\/\u00a9Marwane-SOBAI_MG_5777-1.webp 1200w\" sizes=\"(max-width: 1024px) 100vw, 1024px\" \/>\t\t\t\t\t\t\t\t\t\t\t\t\t<\/div>\n\t\t\t\t<\/div>\n\t\t<div class=\"elementor-element elementor-element-18ce4c54 e-flex e-con-boxed e-con e-child\" data-id=\"18ce4c54\" data-element_type=\"container\">\n\t\t\t\t\t<div class=\"e-con-inner\">\n\t\t\t\t<div class=\"elementor-element elementor-element-3ccb979a elementor-widget elementor-widget-button\" data-id=\"3ccb979a\" data-element_type=\"widget\" data-widget_type=\"button.default\">\n\t\t\t\t<div class=\"elementor-widget-container\">\n\t\t\t\t\t\t\t<div class=\"elementor-button-wrapper\">\n\t\t\t\t\t<a class=\"elementor-button elementor-button-link elementor-size-sm\" href=\"https:\/\/albaicin-event.be\/nl\/location-residentielle-belgique\/\">\n\t\t\t\t\t\t<span class=\"elementor-button-content-wrapper\">\n\t\t\t\t\t\t\t\t\t<span class=\"elementor-button-text\">R\u00e9server maintenant<\/span>\n\t\t\t\t\t<\/span>\n\t\t\t\t\t<\/a>\n\t\t\t\t<\/div>\n\t\t\t\t\t\t<\/div>\n\t\t\t\t<\/div>\n\t\t\t\t<div class=\"elementor-element elementor-element-8a7641f elementor-widget__width-initial elementor-widget elementor-widget-button\" data-id=\"8a7641f\" data-element_type=\"widget\" data-widget_type=\"button.default\">\n\t\t\t\t<div class=\"elementor-widget-container\">\n\t\t\t\t\t\t\t<div class=\"elementor-button-wrapper\">\n\t\t\t\t\t<a class=\"elementor-button elementor-button-link elementor-size-sm\" href=\"https:\/\/albaicin-event.be\/nl\/\">\n\t\t\t\t\t\t<span class=\"elementor-button-content-wrapper\">\n\t\t\t\t\t\t\t\t\t<span class=\"elementor-button-text\">En savoir plus<\/span>\n\t\t\t\t\t<\/span>\n\t\t\t\t\t<\/a>\n\t\t\t\t<\/div>\n\t\t\t\t\t\t<\/div>\n\t\t\t\t<\/div>\n\t\t\t\t\t<\/div>\n\t\t\t\t<\/div>\n\t\t\t\t<div class=\"elementor-element elementor-element-14cf6069 elementor-widget elementor-widget-heading\" data-id=\"14cf6069\" data-element_type=\"widget\" data-widget_type=\"heading.default\">\n\t\t\t\t<div class=\"elementor-widget-container\">\n\t\t\t<h3 class=\"elementor-heading-title elementor-size-default\">Avantages de la Location de villa priv\u00e9e Marrakech\n<\/h3>\t\t<\/div>\n\t\t\t\t<\/div>\n\t\t\t\t<div class=\"elementor-element elementor-element-52912911 elementor-widget elementor-widget-heading\" data-id=\"52912911\" data-element_type=\"widget\" data-widget_type=\"heading.default\">\n\t\t\t\t<div class=\"elementor-widget-container\">\n\t\t\t<h5 class=\"elementor-heading-title elementor-size-default\">Intimit\u00e9 et Exclusivit\u00e9 \u00e0 la villa priv\u00e9e Marrakech\n<\/h5>\t\t<\/div>\n\t\t\t\t<\/div>\n\t\t\t\t<div class=\"elementor-element elementor-element-bdebf40 elementor-widget elementor-widget-text-editor\" data-id=\"bdebf40\" data-element_type=\"widget\" data-widget_type=\"text-editor.default\">\n\t\t\t\t<div class=\"elementor-widget-container\">\n\t\t\t\t\t\t\t<p>L&rsquo;un des principaux avantages de la location d&rsquo;une villa priv\u00e9e \u00e0 Marrakech est l&rsquo;intimit\u00e9 qu&rsquo;elle offre. Les clients peuvent profiter de la villa et de ses installations sans \u00eatre d\u00e9rang\u00e9s, ce qui en fait un choix id\u00e9al pour des vacances en famille, des lunes de miel ou des retraites priv\u00e9es.<\/p><p>L&rsquo;exclusivit\u00e9 de la villa priv\u00e9e Marrakech permet aux invit\u00e9s de se sentir comme chez eux tout en b\u00e9n\u00e9ficiant d&rsquo;un service de haute qualit\u00e9. La disposition des espaces assure une intimit\u00e9 totale, avec des jardins clos et des terrasses priv\u00e9es o\u00f9 l&rsquo;on peut se d\u00e9tendre en toute tranquillit\u00e9.<\/p>\t\t\t\t\t\t<\/div>\n\t\t\t\t<\/div>\n\t\t\t\t<div class=\"elementor-element elementor-element-5ed25b8c elementor-widget elementor-widget-heading\" data-id=\"5ed25b8c\" data-element_type=\"widget\" data-widget_type=\"heading.default\">\n\t\t\t\t<div class=\"elementor-widget-container\">\n\t\t\t<h5 class=\"elementor-heading-title elementor-size-default\">Services Personnalis\u00e9s de la villa priv\u00e9e Marrakech\n<\/h5>\t\t<\/div>\n\t\t\t\t<\/div>\n\t\t\t\t<div class=\"elementor-element elementor-element-575310a3 elementor-widget elementor-widget-text-editor\" data-id=\"575310a3\" data-element_type=\"widget\" data-widget_type=\"text-editor.default\">\n\t\t\t\t<div class=\"elementor-widget-container\">\n\t\t\t\t\t\t\t<p>La villa priv\u00e9e Marrakech propose des services personnalis\u00e9s pour r\u00e9pondre aux besoins et aux pr\u00e9f\u00e9rences de chaque client. Cela inclut un service de conciergerie, un chef priv\u00e9 sur demande, des massages et des traitements de spa sur place, ainsi que des excursions et des activit\u00e9s organis\u00e9es.<\/p><p>Les services personnalis\u00e9s sont au c\u0153ur de l&rsquo;exp\u00e9rience \u00e0 la villa priv\u00e9e Marrakech. Le personnel d\u00e9vou\u00e9 est toujours \u00e0 l&rsquo;\u00e9coute pour organiser des excursions, des d\u00eeners priv\u00e9s, ou toute autre demande sp\u00e9cifique, garantissant ainsi un s\u00e9jour sans stress et m\u00e9morable.<\/p>\t\t\t\t\t\t<\/div>\n\t\t\t\t<\/div>\n\t\t\t\t<div class=\"elementor-element elementor-element-472fe6e5 elementor-widget elementor-widget-heading\" data-id=\"472fe6e5\" data-element_type=\"widget\" data-widget_type=\"heading.default\">\n\t\t\t\t<div class=\"elementor-widget-container\">\n\t\t\t<h5 class=\"elementor-heading-title elementor-size-default\">Climat et paysages<\/h5>\t\t<\/div>\n\t\t\t\t<\/div>\n\t\t\t\t<div class=\"elementor-element elementor-element-618c269a elementor-widget elementor-widget-text-editor\" data-id=\"618c269a\" data-element_type=\"widget\" data-widget_type=\"text-editor.default\">\n\t\t\t\t<div class=\"elementor-widget-container\">\n\t\t\t\t\t\t\t<p>Marrakech b\u00e9n\u00e9ficie d&rsquo;un climat ensoleill\u00e9 presque toute l&rsquo;ann\u00e9e, ce qui en fait une destination id\u00e9ale pour les amateurs de soleil. Les temp\u00e9ratures sont les plus agr\u00e9ables au printemps et en automne, tandis que l&rsquo;hiver est doux. Les montagnes de l&rsquo;Atlas, visibles depuis la ville, offrent un spectacle majestueux et sont parfaites pour les excursions d&rsquo;une journ\u00e9e.<\/p><p>Le d\u00e9sert d&rsquo;Agafay, situ\u00e9 \u00e0 une courte distance en voiture, offre un paysage contrastant avec ses dunes de sable et ses vues \u00e0 couper le souffle. Les visiteurs peuvent y vivre des exp\u00e9riences uniques, telles que les balades \u00e0 dos de chameau et les nuits sous les \u00e9toiles.<\/p>\t\t\t\t\t\t<\/div>\n\t\t\t\t<\/div>\n\t\t\t\t<div class=\"elementor-element elementor-element-51ca2a1b elementor-widget elementor-widget-heading\" data-id=\"51ca2a1b\" data-element_type=\"widget\" data-widget_type=\"heading.default\">\n\t\t\t\t<div class=\"elementor-widget-container\">\n\t\t\t<h3 class=\"elementor-heading-title elementor-size-default\">Options de S\u00e9jour \u00e0 la villa priv\u00e9e Marrakech\n<\/h3>\t\t<\/div>\n\t\t\t\t<\/div>\n\t\t\t\t<div class=\"elementor-element elementor-element-8fe182c elementor-widget elementor-widget-heading\" data-id=\"8fe182c\" data-element_type=\"widget\" data-widget_type=\"heading.default\">\n\t\t\t\t<div class=\"elementor-widget-container\">\n\t\t\t<h5 class=\"elementor-heading-title elementor-size-default\">S\u00e9jours Romantiques \u00e0 la villa priv\u00e9e Marrakech\n<\/h5>\t\t<\/div>\n\t\t\t\t<\/div>\n\t\t\t\t<div class=\"elementor-element elementor-element-57495ac6 elementor-widget elementor-widget-text-editor\" data-id=\"57495ac6\" data-element_type=\"widget\" data-widget_type=\"text-editor.default\">\n\t\t\t\t<div class=\"elementor-widget-container\">\n\t\t\t\t\t\t\t<p>Pour les couples \u00e0 la recherche d&rsquo;une escapade romantique, la villa priv\u00e9e Marrakech offre un cadre intime et luxueux. Des d\u00eeners aux chandelles peuvent \u00eatre organis\u00e9s dans le jardin, et des forfaits sp\u00e9ciaux pour les lunes de miel sont disponibles.<\/p><p>Les s\u00e9jours romantiques \u00e0 la villa priv\u00e9e Marrakech sont marqu\u00e9s par des moments de pure magie. Imaginez un d\u00eener sous les \u00e9toiles avec des plats marocains exquis, ou un massage en couple dans l&rsquo;intimit\u00e9 de votre villa. Chaque d\u00e9tail est pens\u00e9 pour cr\u00e9er des souvenirs inoubliables.<\/p>\t\t\t\t\t\t<\/div>\n\t\t\t\t<\/div>\n\t\t\t\t<div class=\"elementor-element elementor-element-6604ee80 elementor-widget elementor-widget-heading\" data-id=\"6604ee80\" data-element_type=\"widget\" data-widget_type=\"heading.default\">\n\t\t\t\t<div class=\"elementor-widget-container\">\n\t\t\t<h5 class=\"elementor-heading-title elementor-size-default\">Vacances en Famille \u00e0 la villa priv\u00e9e Marrakech\n<\/h5>\t\t<\/div>\n\t\t\t\t<\/div>\n\t\t\t\t<div class=\"elementor-element elementor-element-13040ab3 elementor-widget elementor-widget-text-editor\" data-id=\"13040ab3\" data-element_type=\"widget\" data-widget_type=\"text-editor.default\">\n\t\t\t\t<div class=\"elementor-widget-container\">\n\t\t\t\t\t\t\t<p>La villa est \u00e9galement id\u00e9ale pour les vacances en famille, avec de vastes espaces de vie, des chambres familiales et une gamme d&rsquo;activit\u00e9s pour les enfants. Les parents peuvent se d\u00e9tendre au bord de la piscine pendant que les enfants s&rsquo;amusent dans les jardins s\u00e9curis\u00e9s.<\/p><p>Les vacances en famille \u00e0 la villa priv\u00e9e Marrakech sont synonymes de plaisir et de d\u00e9tente. Les grands espaces permettent aux enfants de jouer en toute s\u00e9curit\u00e9, tandis que les parents peuvent profiter des installations de la villa. Des activit\u00e9s adapt\u00e9es aux enfants, comme des ateliers de cuisine ou des jeux de plein air, sont \u00e9galement disponibles.<\/p>\t\t\t\t\t\t<\/div>\n\t\t\t\t<\/div>\n\t\t\t\t<div class=\"elementor-element elementor-element-d606398 elementor-widget elementor-widget-heading\" data-id=\"d606398\" data-element_type=\"widget\" data-widget_type=\"heading.default\">\n\t\t\t\t<div class=\"elementor-widget-container\">\n\t\t\t<h5 class=\"elementor-heading-title elementor-size-default\">\u00c9v\u00e9nements Sp\u00e9ciaux \u00e0 la villa priv\u00e9e Marrakech\n<\/h5>\t\t<\/div>\n\t\t\t\t<\/div>\n\t\t\t\t<div class=\"elementor-element elementor-element-786ffe99 elementor-widget elementor-widget-text-editor\" data-id=\"786ffe99\" data-element_type=\"widget\" data-widget_type=\"text-editor.default\">\n\t\t\t\t<div class=\"elementor-widget-container\">\n\t\t\t\t\t\t\t<p>Que ce soit pour un mariage, un anniversaire ou une r\u00e9union d&rsquo;affaires, la villa priv\u00e9e Marrakech est un lieu exceptionnel pour organiser des \u00e9v\u00e9nements sp\u00e9ciaux. Des espaces de r\u00e9ception \u00e9l\u00e9gants, un personnel d\u00e9di\u00e9 et une attention aux moindres d\u00e9tails garantissent le succ\u00e8s de chaque \u00e9v\u00e9nement.<\/p><p>Organiser un \u00e9v\u00e9nement sp\u00e9cial \u00e0 la villa priv\u00e9e Marrakech est une exp\u00e9rience unique. Les magnifiques jardins et les espaces de r\u00e9ception \u00e9l\u00e9gants fournissent le cadre parfait pour tout type de c\u00e9l\u00e9bration. Le personnel exp\u00e9riment\u00e9 veille \u00e0 ce que chaque d\u00e9tail soit parfait, permettant aux h\u00f4tes de profiter pleinement de leur \u00e9v\u00e9nement sans souci.<\/p>\t\t\t\t\t\t<\/div>\n\t\t\t\t<\/div>\n\t\t\t\t<div class=\"elementor-element elementor-element-54c479f5 elementor-widget elementor-widget-image\" data-id=\"54c479f5\" data-element_type=\"widget\" data-widget_type=\"image.default\">\n\t\t\t\t<div class=\"elementor-widget-container\">\n\t\t\t\t\t\t\t\t\t\t\t\t\t<img loading=\"lazy\" decoding=\"async\" width=\"1000\" height=\"667\" src=\"https:\/\/albaicin-event.be\/wp-content\/uploads\/2024\/05\/ALBAICIN-72-Soiree-festive.jpg\" class=\"attachment-large size-large wp-image-5476\" alt=\"\" srcset=\"https:\/\/albaicin-event.be\/wp-content\/uploads\/2024\/05\/ALBAICIN-72-Soiree-festive.jpg 1000w, https:\/\/albaicin-event.be\/wp-content\/uploads\/2024\/05\/ALBAICIN-72-Soiree-festive-300x200.jpg 300w, https:\/\/albaicin-event.be\/wp-content\/uploads\/2024\/05\/ALBAICIN-72-Soiree-festive-768x512.jpg 768w\" sizes=\"(max-width: 1000px) 100vw, 1000px\" \/>\t\t\t\t\t\t\t\t\t\t\t\t\t<\/div>\n\t\t\t\t<\/div>\n\t\t<div class=\"elementor-element elementor-element-fa3a3e2 e-flex e-con-boxed e-con e-child\" data-id=\"fa3a3e2\" data-element_type=\"container\">\n\t\t\t\t\t<div class=\"e-con-inner\">\n\t\t\t\t<div class=\"elementor-element elementor-element-7e63b808 elementor-widget elementor-widget-button\" data-id=\"7e63b808\" data-element_type=\"widget\" data-widget_type=\"button.default\">\n\t\t\t\t<div class=\"elementor-widget-container\">\n\t\t\t\t\t\t\t<div class=\"elementor-button-wrapper\">\n\t\t\t\t\t<a class=\"elementor-button elementor-button-link elementor-size-sm\" href=\"https:\/\/albaicin-event.be\/nl\/location-residentielle-belgique\/\">\n\t\t\t\t\t\t<span class=\"elementor-button-content-wrapper\">\n\t\t\t\t\t\t\t\t\t<span class=\"elementor-button-text\">R\u00e9server maintenant<\/span>\n\t\t\t\t\t<\/span>\n\t\t\t\t\t<\/a>\n\t\t\t\t<\/div>\n\t\t\t\t\t\t<\/div>\n\t\t\t\t<\/div>\n\t\t\t\t<div class=\"elementor-element elementor-element-24ce300d elementor-widget__width-initial elementor-widget elementor-widget-button\" data-id=\"24ce300d\" data-element_type=\"widget\" data-widget_type=\"button.default\">\n\t\t\t\t<div class=\"elementor-widget-container\">\n\t\t\t\t\t\t\t<div class=\"elementor-button-wrapper\">\n\t\t\t\t\t<a class=\"elementor-button elementor-button-link elementor-size-sm\" href=\"https:\/\/albaicin-event.be\/nl\/\">\n\t\t\t\t\t\t<span class=\"elementor-button-content-wrapper\">\n\t\t\t\t\t\t\t\t\t<span class=\"elementor-button-text\">En savoir plus<\/span>\n\t\t\t\t\t<\/span>\n\t\t\t\t\t<\/a>\n\t\t\t\t<\/div>\n\t\t\t\t\t\t<\/div>\n\t\t\t\t<\/div>\n\t\t\t\t\t<\/div>\n\t\t\t\t<\/div>\n\t\t\t\t<div class=\"elementor-element elementor-element-2f19eb61 elementor-widget elementor-widget-heading\" data-id=\"2f19eb61\" data-element_type=\"widget\" data-widget_type=\"heading.default\">\n\t\t\t\t<div class=\"elementor-widget-container\">\n\t\t\t<h3 class=\"elementor-heading-title elementor-size-default\">Exp\u00e9riences Uniques \u00e0 la villa priv\u00e9e Marrakech\n<\/h3>\t\t<\/div>\n\t\t\t\t<\/div>\n\t\t\t\t<div class=\"elementor-element elementor-element-841400a elementor-widget elementor-widget-heading\" data-id=\"841400a\" data-element_type=\"widget\" data-widget_type=\"heading.default\">\n\t\t\t\t<div class=\"elementor-widget-container\">\n\t\t\t<h5 class=\"elementor-heading-title elementor-size-default\">Activit\u00e9s et Loisirs \u00e0 la villa priv\u00e9e Marrakech\n<\/h5>\t\t<\/div>\n\t\t\t\t<\/div>\n\t\t\t\t<div class=\"elementor-element elementor-element-60b53c2f elementor-widget elementor-widget-text-editor\" data-id=\"60b53c2f\" data-element_type=\"widget\" data-widget_type=\"text-editor.default\">\n\t\t\t\t<div class=\"elementor-widget-container\">\n\t\t\t\t\t\t\t<p style=\"text-align: left;\">La villa priv\u00e9e Marrakech propose une vari\u00e9t\u00e9 d&rsquo;activit\u00e9s et de loisirs pour tous les \u00e2ges. Les clients peuvent profiter de cours de cuisine marocaine, de randonn\u00e9es dans les montagnes de l&rsquo;Atlas, de visites guid\u00e9es de la m\u00e9dina de Marrakech et de sessions de yoga au lever du soleil dans les jardins.<\/p><p style=\"text-align: left;\">Les activit\u00e9s offertes \u00e0 la villa priv\u00e9e Marrakech permettent aux invit\u00e9s de d\u00e9couvrir la culture locale de mani\u00e8re immersive. Les cours de cuisine sont une excellente occasion d&rsquo;apprendre les secrets de la cuisine marocaine, tandis que les excursions dans les montagnes offrent des vues spectaculaires et des exp\u00e9riences inoubliables.<\/p>\t\t\t\t\t\t<\/div>\n\t\t\t\t<\/div>\n\t\t\t\t<div class=\"elementor-element elementor-element-2d3c46e elementor-widget elementor-widget-heading\" data-id=\"2d3c46e\" data-element_type=\"widget\" data-widget_type=\"heading.default\">\n\t\t\t\t<div class=\"elementor-widget-container\">\n\t\t\t<h5 class=\"elementor-heading-title elementor-size-default\">Gastronomie et Restauration \u00e0 la villa priv\u00e9e Marrakech\n<\/h5>\t\t<\/div>\n\t\t\t\t<\/div>\n\t\t\t\t<div class=\"elementor-element elementor-element-71704dd elementor-widget elementor-widget-text-editor\" data-id=\"71704dd\" data-element_type=\"widget\" data-widget_type=\"text-editor.default\">\n\t\t\t\t<div class=\"elementor-widget-container\">\n\t\t\t\t\t\t\t<p style=\"text-align: left;\">La cuisine est un aspect essentiel de l&rsquo;exp\u00e9rience \u00e0 la villa priv\u00e9e Marrakech. Les clients peuvent savourer des repas pr\u00e9par\u00e9s par un chef priv\u00e9, avec des menus personnalis\u00e9s qui mettent en valeur les saveurs locales. Des soir\u00e9es barbecue au bord de la piscine aux d\u00eeners gastronomiques dans la salle \u00e0 manger, chaque repas est une exp\u00e9rience culinaire inoubliable.<\/p><p style=\"text-align: left;\">La villa priv\u00e9e Marrakech propose une exp\u00e9rience gastronomique raffin\u00e9e. Le chef priv\u00e9 cr\u00e9e<\/p>\t\t\t\t\t\t<\/div>\n\t\t\t\t<\/div>\n\t\t\t\t<div class=\"elementor-element elementor-element-a147fd1 elementor-widget elementor-widget-heading\" data-id=\"a147fd1\" data-element_type=\"widget\" data-widget_type=\"heading.default\">\n\t\t\t\t<div class=\"elementor-widget-container\">\n\t\t\t<h3 class=\"elementor-heading-title elementor-size-default\">Conclusion<\/h3>\t\t<\/div>\n\t\t\t\t<\/div>\n\t\t\t\t<div class=\"elementor-element elementor-element-afe575a elementor-widget elementor-widget-text-editor\" data-id=\"afe575a\" data-element_type=\"widget\" data-widget_type=\"text-editor.default\">\n\t\t\t\t<div class=\"elementor-widget-container\">\n\t\t\t\t\t\t\t<div class=\"flex flex-grow flex-col max-w-full\"><div class=\"text-message flex flex-col items-start whitespace-pre-wrap break-words [.text-message+&amp;]:mt-5 juice:w-full juice:items-end overflow-x-auto gap-2\" dir=\"auto\" data-message-author-role=\"assistant\" data-message-id=\"33e5cf6c-dcdd-4f4f-8582-1c3a9446073d\"><div class=\"flex w-full flex-col gap-1 juice:empty:hidden juice:first:pt-[3px]\"><div class=\"markdown prose w-full break-words dark:prose-invert light\"><p>La villa priv\u00e9e Marrakech se distingue par son m\u00e9lange harmonieux de charme traditionnel marocain et de luxe moderne, offrant une exp\u00e9rience de s\u00e9jour inoubliable. Que vous soyez \u00e0 la recherche d&rsquo;un lieu pour des vacances en famille, une escapade romantique, ou un \u00e9v\u00e9nement sp\u00e9cial, cette villa r\u00e9pond \u00e0 tous vos besoins avec une touche de sophistication et d&rsquo;exclusivit\u00e9.<\/p><\/div><\/div><\/div><\/div>\t\t\t\t\t\t<\/div>\n\t\t\t\t<\/div>\n\t\t\t\t<div class=\"elementor-element elementor-element-5988eadc elementor-widget elementor-widget-heading\" data-id=\"5988eadc\" data-element_type=\"widget\" data-widget_type=\"heading.default\">\n\t\t\t\t<div class=\"elementor-widget-container\">\n\t\t\t<h4 class=\"elementor-heading-title elementor-size-default\">Reponses a vos questions<\/h4>\t\t<\/div>\n\t\t\t\t<\/div>\n\t\t\t\t<div class=\"elementor-element elementor-element-7b63bbe elementor-widget elementor-widget-accordion\" data-id=\"7b63bbe\" data-element_type=\"widget\" data-widget_type=\"accordion.default\">\n\t\t\t\t<div class=\"elementor-widget-container\">\n\t\t\t\t\t<div class=\"elementor-accordion\">\n\t\t\t\t\t\t\t<div class=\"elementor-accordion-item\">\n\t\t\t\t\t<div id=\"elementor-tab-title-1291\" class=\"elementor-tab-title\" data-tab=\"1\" role=\"button\" aria-controls=\"elementor-tab-content-1291\" aria-expanded=\"false\">\n\t\t\t\t\t\t\t\t\t\t\t\t\t<span class=\"elementor-accordion-icon elementor-accordion-icon-right\" aria-hidden=\"true\">\n\t\t\t\t\t\t\t\t\t\t\t\t\t\t\t<span class=\"elementor-accordion-icon-closed\"><svg class=\"e-font-icon-svg e-fas-plus\" viewbox=\"0 0 448 512\" xmlns=\"http:\/\/www.w3.org\/2000\/svg\"><path d=\"M416 208H272V64c0-17.67-14.33-32-32-32h-32c-17.67 0-32 14.33-32 32v144H32c-17.67 0-32 14.33-32 32v32c0 17.67 14.33 32 32 32h144v144c0 17.67 14.33 32 32 32h32c17.67 0 32-14.33 32-32V304h144c17.67 0 32-14.33 32-32v-32c0-17.67-14.33-32-32-32z\"><\/path><\/svg><\/span>\n\t\t\t\t\t\t\t\t<span class=\"elementor-accordion-icon-opened\"><svg class=\"e-font-icon-svg e-fas-minus\" viewbox=\"0 0 448 512\" xmlns=\"http:\/\/www.w3.org\/2000\/svg\"><path d=\"M416 208H32c-17.67 0-32 14.33-32 32v32c0 17.67 14.33 32 32 32h384c17.67 0 32-14.33 32-32v-32c0-17.67-14.33-32-32-32z\"><\/path><\/svg><\/span>\n\t\t\t\t\t\t\t\t\t\t\t\t\t\t<\/span>\n\t\t\t\t\t\t\t\t\t\t\t\t<a class=\"elementor-accordion-title\" tabindex=\"0\">Quelles sont les options de restauration disponibles \u00e0 la villa priv\u00e9e Marrakech ?<\/a>\n\t\t\t\t\t<\/div>\n\t\t\t\t\t<div id=\"elementor-tab-content-1291\" class=\"elementor-tab-content elementor-clearfix\" data-tab=\"1\" role=\"region\" aria-labelledby=\"elementor-tab-title-1291\"><p>La villa propose des repas pr\u00e9par\u00e9s par un chef priv\u00e9, avec des menus personnalis\u00e9s adapt\u00e9s aux pr\u00e9f\u00e9rences des clients. Des options de restauration vari\u00e9es, allant des d\u00eeners gastronomiques aux barbecues en plein air, sont disponibles.<\/p><\/div>\n\t\t\t\t<\/div>\n\t\t\t\t\t\t\t<div class=\"elementor-accordion-item\">\n\t\t\t\t\t<div id=\"elementor-tab-title-1292\" class=\"elementor-tab-title\" data-tab=\"2\" role=\"button\" aria-controls=\"elementor-tab-content-1292\" aria-expanded=\"false\">\n\t\t\t\t\t\t\t\t\t\t\t\t\t<span class=\"elementor-accordion-icon elementor-accordion-icon-right\" aria-hidden=\"true\">\n\t\t\t\t\t\t\t\t\t\t\t\t\t\t\t<span class=\"elementor-accordion-icon-closed\"><svg class=\"e-font-icon-svg e-fas-plus\" viewbox=\"0 0 448 512\" xmlns=\"http:\/\/www.w3.org\/2000\/svg\"><path d=\"M416 208H272V64c0-17.67-14.33-32-32-32h-32c-17.67 0-32 14.33-32 32v144H32c-17.67 0-32 14.33-32 32v32c0 17.67 14.33 32 32 32h144v144c0 17.67 14.33 32 32 32h32c17.67 0 32-14.33 32-32V304h144c17.67 0 32-14.33 32-32v-32c0-17.67-14.33-32-32-32z\"><\/path><\/svg><\/span>\n\t\t\t\t\t\t\t\t<span class=\"elementor-accordion-icon-opened\"><svg class=\"e-font-icon-svg e-fas-minus\" viewbox=\"0 0 448 512\" xmlns=\"http:\/\/www.w3.org\/2000\/svg\"><path d=\"M416 208H32c-17.67 0-32 14.33-32 32v32c0 17.67 14.33 32 32 32h384c17.67 0 32-14.33 32-32v-32c0-17.67-14.33-32-32-32z\"><\/path><\/svg><\/span>\n\t\t\t\t\t\t\t\t\t\t\t\t\t\t<\/span>\n\t\t\t\t\t\t\t\t\t\t\t\t<a class=\"elementor-accordion-title\" tabindex=\"0\">La villa priv\u00e9e Marrakech est-elle adapt\u00e9e aux enfants ?<\/a>\n\t\t\t\t\t<\/div>\n\t\t\t\t\t<div id=\"elementor-tab-content-1292\" class=\"elementor-tab-content elementor-clearfix\" data-tab=\"2\" role=\"region\" aria-labelledby=\"elementor-tab-title-1292\"><p>Oui, la villa est id\u00e9ale pour les familles avec enfants. Elle offre de vastes espaces de jeu, une piscine s\u00e9curis\u00e9e et des activit\u00e9s adapt\u00e9es aux enfants.<\/p><h3>\u00a0<\/h3><\/div>\n\t\t\t\t<\/div>\n\t\t\t\t\t\t\t<div class=\"elementor-accordion-item\">\n\t\t\t\t\t<div id=\"elementor-tab-title-1293\" class=\"elementor-tab-title\" data-tab=\"3\" role=\"button\" aria-controls=\"elementor-tab-content-1293\" aria-expanded=\"false\">\n\t\t\t\t\t\t\t\t\t\t\t\t\t<span class=\"elementor-accordion-icon elementor-accordion-icon-right\" aria-hidden=\"true\">\n\t\t\t\t\t\t\t\t\t\t\t\t\t\t\t<span class=\"elementor-accordion-icon-closed\"><svg class=\"e-font-icon-svg e-fas-plus\" viewbox=\"0 0 448 512\" xmlns=\"http:\/\/www.w3.org\/2000\/svg\"><path d=\"M416 208H272V64c0-17.67-14.33-32-32-32h-32c-17.67 0-32 14.33-32 32v144H32c-17.67 0-32 14.33-32 32v32c0 17.67 14.33 32 32 32h144v144c0 17.67 14.33 32 32 32h32c17.67 0 32-14.33 32-32V304h144c17.67 0 32-14.33 32-32v-32c0-17.67-14.33-32-32-32z\"><\/path><\/svg><\/span>\n\t\t\t\t\t\t\t\t<span class=\"elementor-accordion-icon-opened\"><svg class=\"e-font-icon-svg e-fas-minus\" viewbox=\"0 0 448 512\" xmlns=\"http:\/\/www.w3.org\/2000\/svg\"><path d=\"M416 208H32c-17.67 0-32 14.33-32 32v32c0 17.67 14.33 32 32 32h384c17.67 0 32-14.33 32-32v-32c0-17.67-14.33-32-32-32z\"><\/path><\/svg><\/span>\n\t\t\t\t\t\t\t\t\t\t\t\t\t\t<\/span>\n\t\t\t\t\t\t\t\t\t\t\t\t<a class=\"elementor-accordion-title\" tabindex=\"0\">Quels types d'activit\u00e9s sont disponibles \u00e0 la villa priv\u00e9e Marrakech ?<\/a>\n\t\t\t\t\t<\/div>\n\t\t\t\t\t<div id=\"elementor-tab-content-1293\" class=\"elementor-tab-content elementor-clearfix\" data-tab=\"3\" role=\"region\" aria-labelledby=\"elementor-tab-title-1293\"><p>Les clients peuvent participer \u00e0 diverses activit\u00e9s, y compris des cours de cuisine marocaine, des randonn\u00e9es, des visites guid\u00e9es et des sessions de yoga.<\/p><h3>\u00a0<\/h3><\/div>\n\t\t\t\t<\/div>\n\t\t\t\t\t\t\t<div class=\"elementor-accordion-item\">\n\t\t\t\t\t<div id=\"elementor-tab-title-1294\" class=\"elementor-tab-title\" data-tab=\"4\" role=\"button\" aria-controls=\"elementor-tab-content-1294\" aria-expanded=\"false\">\n\t\t\t\t\t\t\t\t\t\t\t\t\t<span class=\"elementor-accordion-icon elementor-accordion-icon-right\" aria-hidden=\"true\">\n\t\t\t\t\t\t\t\t\t\t\t\t\t\t\t<span class=\"elementor-accordion-icon-closed\"><svg class=\"e-font-icon-svg e-fas-plus\" viewbox=\"0 0 448 512\" xmlns=\"http:\/\/www.w3.org\/2000\/svg\"><path d=\"M416 208H272V64c0-17.67-14.33-32-32-32h-32c-17.67 0-32 14.33-32 32v144H32c-17.67 0-32 14.33-32 32v32c0 17.67 14.33 32 32 32h144v144c0 17.67 14.33 32 32 32h32c17.67 0 32-14.33 32-32V304h144c17.67 0 32-14.33 32-32v-32c0-17.67-14.33-32-32-32z\"><\/path><\/svg><\/span>\n\t\t\t\t\t\t\t\t<span class=\"elementor-accordion-icon-opened\"><svg class=\"e-font-icon-svg e-fas-minus\" viewbox=\"0 0 448 512\" xmlns=\"http:\/\/www.w3.org\/2000\/svg\"><path d=\"M416 208H32c-17.67 0-32 14.33-32 32v32c0 17.67 14.33 32 32 32h384c17.67 0 32-14.33 32-32v-32c0-17.67-14.33-32-32-32z\"><\/path><\/svg><\/span>\n\t\t\t\t\t\t\t\t\t\t\t\t\t\t<\/span>\n\t\t\t\t\t\t\t\t\t\t\t\t<a class=\"elementor-accordion-title\" tabindex=\"0\">La villa priv\u00e9e Marrakech propose-t-elle des services de spa ?<\/a>\n\t\t\t\t\t<\/div>\n\t\t\t\t\t<div id=\"elementor-tab-content-1294\" class=\"elementor-tab-content elementor-clearfix\" data-tab=\"4\" role=\"region\" aria-labelledby=\"elementor-tab-title-1294\"><p>Oui, la villa dispose d&rsquo;un spa sur place o\u00f9 les clients peuvent profiter de massages et de traitements de bien-\u00eatre.<\/p><\/div>\n\t\t\t\t<\/div>\n\t\t\t\t\t\t\t\t<\/div>\n\t\t\t\t<\/div>\n\t\t\t\t<\/div>\n\t\t\t\t<\/div>\n\t\t<div class=\"elementor-element elementor-element-1287f21d e-con-full elementor-hidden-mobile e-flex e-con e-child\" data-id=\"1287f21d\" data-element_type=\"container\" data-settings=\"{&quot;sticky&quot;:&quot;top&quot;,&quot;sticky_offset&quot;:41,&quot;sticky_parent&quot;:&quot;yes&quot;,&quot;sticky_on&quot;:[&quot;desktop&quot;,&quot;tablet&quot;,&quot;mobile&quot;],&quot;sticky_effects_offset&quot;:0}\">\n\t\t\t\t<div class=\"elementor-element elementor-element-7d5e56c elementor-widget elementor-widget-sidebar\" data-id=\"7d5e56c\" data-element_type=\"widget\" data-widget_type=\"sidebar.default\">\n\t\t\t\t<div class=\"elementor-widget-container\">\n\t\t\t<aside id=\"block-71\" class=\"widget widget_block widget_media_image\">\n<figure class=\"wp-block-image size-full is-resized\"><img fetchpriority=\"high\" decoding=\"async\" width=\"350\" height=\"600\" src=\"https:\/\/albaicin-event.be\/wp-content\/uploads\/2024\/05\/Ajouter-un-titre-7.png\" alt=\"\" class=\"wp-image-5214\" style=\"width:665px;height:auto\" srcset=\"https:\/\/albaicin-event.be\/wp-content\/uploads\/2024\/05\/Ajouter-un-titre-7.png 350w, https:\/\/albaicin-event.be\/wp-content\/uploads\/2024\/05\/Ajouter-un-titre-7-175x300.png 175w\" sizes=\"(max-width: 350px) 100vw, 350px\" \/><\/figure>\n<\/aside><aside id=\"block-72\" class=\"widget widget_block\">\n<div class=\"wp-block-uagb-container uagb-block-f133c757 alignfull uagb-is-root-container\"><div class=\"uagb-container-inner-blocks-wrap\"><\/div><\/div>\n<\/aside>\t\t<\/div>\n\t\t\t\t<\/div>\n\t\t\t\t<div class=\"elementor-element elementor-element-492bb8ad elementor-button-success elementor-align-justify elementor-widget elementor-widget-button\" data-id=\"492bb8ad\" data-element_type=\"widget\" data-widget_type=\"button.default\">\n\t\t\t\t<div class=\"elementor-widget-container\">\n\t\t\t\t\t\t\t<div class=\"elementor-button-wrapper\">\n\t\t\t\t\t<a class=\"elementor-button elementor-button-link elementor-size-xl\" href=\"https:\/\/wa.me\/+33%20781%20535%20775\" target=\"_blank\" rel=\"noopener\">\n\t\t\t\t\t\t<span class=\"elementor-button-content-wrapper\">\n\t\t\t\t\t\t<span class=\"elementor-button-icon\">\n\t\t\t\t<svg aria-hidden=\"true\" class=\"e-font-icon-svg e-fab-whatsapp\" viewbox=\"0 0 448 512\" xmlns=\"http:\/\/www.w3.org\/2000\/svg\"><path d=\"M380.9 97.1C339 55.1 283.2 32 223.9 32c-122.4 0-222 99.6-222 222 0 39.1 10.2 77.3 29.6 111L0 480l117.7-30.9c32.4 17.7 68.9 27 106.1 27h.1c122.3 0 224.1-99.6 224.1-222 0-59.3-25.2-115-67.1-157zm-157 341.6c-33.2 0-65.7-8.9-94-25.7l-6.7-4-69.8 18.3L72 359.2l-4.4-7c-18.5-29.4-28.2-63.3-28.2-98.2 0-101.7 82.8-184.5 184.6-184.5 49.3 0 95.6 19.2 130.4 54.1 34.8 34.9 56.2 81.2 56.1 130.5 0 101.8-84.9 184.6-186.6 184.6zm101.2-138.2c-5.5-2.8-32.8-16.2-37.9-18-5.1-1.9-8.8-2.8-12.5 2.8-3.7 5.6-14.3 18-17.6 21.8-3.2 3.7-6.5 4.2-12 1.4-32.6-16.3-54-29.1-75.5-66-5.7-9.8 5.7-9.1 16.3-30.3 1.8-3.7.9-6.9-.5-9.7-1.4-2.8-12.5-30.1-17.1-41.2-4.5-10.8-9.1-9.3-12.5-9.5-3.2-.2-6.9-.2-10.6-.2-3.7 0-9.7 1.4-14.8 6.9-5.1 5.6-19.4 19-19.4 46.3 0 27.3 19.9 53.7 22.6 57.4 2.8 3.7 39.1 59.7 94.8 83.8 35.2 15.2 49 16.5 66.6 13.9 10.7-1.6 32.8-13.4 37.4-26.4 4.6-13 4.6-24.1 3.2-26.4-1.3-2.5-5-3.9-10.5-6.6z\"><\/path><\/svg>\t\t\t<\/span>\n\t\t\t\t\t\t\t\t\t<span class=\"elementor-button-text\">Par whatsapp<\/span>\n\t\t\t\t\t<\/span>\n\t\t\t\t\t<\/a>\n\t\t\t\t<\/div>\n\t\t\t\t\t\t<\/div>\n\t\t\t\t<\/div>\n\t\t\t\t<div class=\"elementor-element elementor-element-180aaa84 elementor-align-justify elementor-widget elementor-widget-button\" data-id=\"180aaa84\" data-element_type=\"widget\" data-widget_type=\"button.default\">\n\t\t\t\t<div class=\"elementor-widget-container\">\n\t\t\t\t\t\t\t<div class=\"elementor-button-wrapper\">\n\t\t\t\t\t<a class=\"elementor-button elementor-button-link elementor-size-xl\" href=\"tel: 212 619 304 147\">\n\t\t\t\t\t\t<span class=\"elementor-button-content-wrapper\">\n\t\t\t\t\t\t<span class=\"elementor-button-icon\">\n\t\t\t\t<svg aria-hidden=\"true\" class=\"e-font-icon-svg e-fas-phone-alt\" viewbox=\"0 0 512 512\" xmlns=\"http:\/\/www.w3.org\/2000\/svg\"><path d=\"M497.39 361.8l-112-48a24 24 0 0 0-28 6.9l-49.6 60.6A370.66 370.66 0 0 1 130.6 204.11l60.6-49.6a23.94 23.94 0 0 0 6.9-28l-48-112A24.16 24.16 0 0 0 122.6.61l-104 24A24 24 0 0 0 0 48c0 256.5 207.9 464 464 464a24 24 0 0 0 23.4-18.6l24-104a24.29 24.29 0 0 0-14.01-27.6z\"><\/path><\/svg>\t\t\t<\/span>\n\t\t\t\t\t\t\t\t\t<span class=\"elementor-button-text\">Appel direct<\/span>\n\t\t\t\t\t<\/span>\n\t\t\t\t\t<\/a>\n\t\t\t\t<\/div>\n\t\t\t\t\t\t<\/div>\n\t\t\t\t<\/div>\n\t\t\t\t<div class=\"elementor-element elementor-element-1890da5f elementor-absolute elementor-widget__width-initial elementor-widget elementor-widget-text-editor\" data-id=\"1890da5f\" data-element_type=\"widget\" data-settings=\"{&quot;_position&quot;:&quot;absolute&quot;}\" data-widget_type=\"text-editor.default\">\n\t\t\t\t<div class=\"elementor-widget-container\">\n\t\t\t\t\t\t\tD\u00e9couvrez les meilleurs<\/br> services de location<\/br> de villas \u00e0 Marrakech\t\t\t\t\t\t<\/div>\n\t\t\t\t<\/div>\n\t\t\t\t<\/div>\n\t\t\t\t<\/div>\n\t\t\t\t<\/div>","protected":false},"excerpt":{"rendered":"<p>villa pour les vacances Marrakech : D\u00e9couvrez la Villa Albaicin-Event, un Havre de Luxe et de S\u00e9r\u00e9nit\u00e9 Introduction Situ\u00e9e au c\u0153ur de Marrakech, la villa priv\u00e9e est une oasis de luxe et de tranquillit\u00e9, offrant un cadre idyllique pour des vacances, des \u00e9v\u00e9nements sp\u00e9ciaux ou des retraites priv\u00e9es. Avec ses jardins luxuriants, ses \u00e9quipements modernes [&hellip;]<\/p>","protected":false},"author":1,"featured_media":5536,"comment_status":"closed","ping_status":"closed","sticky":false,"template":"","format":"standard","meta":{"_uag_custom_page_level_css":"","site-sidebar-layout":"default","site-content-layout":"","ast-site-content-layout":"default","site-content-style":"default","site-sidebar-style":"default","ast-global-header-display":"","ast-banner-title-visibility":"","ast-main-header-display":"","ast-hfb-above-header-display":"","ast-hfb-below-header-display":"","ast-hfb-mobile-header-display":"","site-post-title":"disabled","ast-breadcrumbs-content":"","ast-featured-img":"disabled","footer-sml-layout":"","theme-transparent-header-meta":"","adv-header-id-meta":"","stick-header-meta":"","header-above-stick-meta":"","header-main-stick-meta":"","header-below-stick-meta":"","astra-migrate-meta-layouts":"set","ast-page-background-enabled":"default","ast-page-background-meta":{"desktop":{"background-color":"","background-image":"","background-repeat":"repeat","background-position":"center center","background-size":"auto","background-attachment":"scroll","background-type":"","background-media":"","overlay-type":"","overlay-color":"","overlay-opacity":"","overlay-gradient":""},"tablet":{"background-color":"","background-image":"","background-repeat":"repeat","background-position":"center center","background-size":"auto","background-attachment":"scroll","background-type":"","background-media":"","overlay-type":"","overlay-color":"","overlay-opacity":"","overlay-gradient":""},"mobile":{"background-color":"","background-image":"","background-repeat":"repeat","background-position":"center center","background-size":"auto","background-attachment":"scroll","background-type":"","background-media":"","overlay-type":"","overlay-color":"","overlay-opacity":"","overlay-gradient":""}},"ast-content-background-meta":{"desktop":{"background-color":"var(--ast-global-color-5)","background-image":"","background-repeat":"repeat","background-position":"center center","background-size":"auto","background-attachment":"scroll","background-type":"","background-media":"","overlay-type":"","overlay-color":"","overlay-opacity":"","overlay-gradient":""},"tablet":{"background-color":"var(--ast-global-color-5)","background-image":"","background-repeat":"repeat","background-position":"center center","background-size":"auto","background-attachment":"scroll","background-type":"","background-media":"","overlay-type":"","overlay-color":"","overlay-opacity":"","overlay-gradient":""},"mobile":{"background-color":"var(--ast-global-color-5)","background-image":"","background-repeat":"repeat","background-position":"center center","background-size":"auto","background-attachment":"scroll","background-type":"","background-media":"","overlay-type":"","overlay-color":"","overlay-opacity":"","overlay-gradient":""}},"_joinchat":[],"footnotes":""},"categories":[1],"tags":[],"class_list":["post-5562","post","type-post","status-publish","format-standard","has-post-thumbnail","hentry","category-non-classifiee"],"uagb_featured_image_src":{"full":["https:\/\/albaicin-event.be\/wp-content\/uploads\/2024\/06\/Exterieur-6.jpg",680,453,false],"thumbnail":["https:\/\/albaicin-event.be\/wp-content\/uploads\/2024\/06\/Exterieur-6-150x150.jpg",150,150,true],"medium":["https:\/\/albaicin-event.be\/wp-content\/uploads\/2024\/06\/Exterieur-6-300x200.jpg",300,200,true],"medium_large":["https:\/\/albaicin-event.be\/wp-content\/uploads\/2024\/06\/Exterieur-6.jpg",680,453,false],"large":["https:\/\/albaicin-event.be\/wp-content\/uploads\/2024\/06\/Exterieur-6.jpg",680,453,false],"1536x1536":["https:\/\/albaicin-event.be\/wp-content\/uploads\/2024\/06\/Exterieur-6.jpg",680,453,false],"2048x2048":["https:\/\/albaicin-event.be\/wp-content\/uploads\/2024\/06\/Exterieur-6.jpg",680,453,false],"trp-custom-language-flag":["https:\/\/albaicin-event.be\/wp-content\/uploads\/2024\/06\/Exterieur-6.jpg",18,12,false],"htmega_size_585x295":["https:\/\/albaicin-event.be\/wp-content\/uploads\/2024\/06\/Exterieur-6-585x295.jpg",585,295,true],"htmega_size_1170x536":["https:\/\/albaicin-event.be\/wp-content\/uploads\/2024\/06\/Exterieur-6.jpg",680,453,false],"htmega_size_396x360":["https:\/\/albaicin-event.be\/wp-content\/uploads\/2024\/06\/Exterieur-6-396x360.jpg",396,360,true]},"uagb_author_info":{"display_name":"admin","author_link":"https:\/\/albaicin-event.be\/nl\/author\/admin\/"},"uagb_comment_info":0,"uagb_excerpt":"villa pour les vacances Marrakech : D\u00e9couvrez la Villa Albaicin-Event, un Havre de Luxe et de S\u00e9r\u00e9nit\u00e9 Introduction Situ\u00e9e au c\u0153ur de Marrakech, la villa priv\u00e9e est une oasis de luxe et de tranquillit\u00e9, offrant un cadre idyllique pour des vacances, des \u00e9v\u00e9nements sp\u00e9ciaux ou des retraites priv\u00e9es. Avec ses jardins luxuriants, ses \u00e9quipements modernes&hellip;","_links":{"self":[{"href":"https:\/\/albaicin-event.be\/nl\/wp-json\/wp\/v2\/posts\/5562","targetHints":{"allow":["GET"]}}],"collection":[{"href":"https:\/\/albaicin-event.be\/nl\/wp-json\/wp\/v2\/posts"}],"about":[{"href":"https:\/\/albaicin-event.be\/nl\/wp-json\/wp\/v2\/types\/post"}],"author":[{"embeddable":true,"href":"https:\/\/albaicin-event.be\/nl\/wp-json\/wp\/v2\/users\/1"}],"replies":[{"embeddable":true,"href":"https:\/\/albaicin-event.be\/nl\/wp-json\/wp\/v2\/comments?post=5562"}],"version-history":[{"count":0,"href":"https:\/\/albaicin-event.be\/nl\/wp-json\/wp\/v2\/posts\/5562\/revisions"}],"wp:featuredmedia":[{"embeddable":true,"href":"https:\/\/albaicin-event.be\/nl\/wp-json\/wp\/v2\/media\/5536"}],"wp:attachment":[{"href":"https:\/\/albaicin-event.be\/nl\/wp-json\/wp\/v2\/media?parent=5562"}],"wp:term":[{"taxonomy":"category","embeddable":true,"href":"https:\/\/albaicin-event.be\/nl\/wp-json\/wp\/v2\/categories?post=5562"},{"taxonomy":"post_tag","embeddable":true,"href":"https:\/\/albaicin-event.be\/nl\/wp-json\/wp\/v2\/tags?post=5562"}],"curies":[{"name":"wp","href":"https:\/\/api.w.org\/{rel}","templated":true}]}}