{"id":5402,"date":"2024-05-08T09:41:27","date_gmt":"2024-05-08T09:41:27","guid":{"rendered":"https:\/\/albaicin-event.be\/?p=5402"},"modified":"2024-05-08T11:24:39","modified_gmt":"2024-05-08T11:24:39","slug":"villa-pour-les-vacances-marrakech","status":"publish","type":"post","link":"https:\/\/albaicin-event.be\/nl\/2024\/05\/08\/villa-pour-les-vacances-marrakech\/","title":{"rendered":"villa pour les vacances Marrakech"},"content":{"rendered":"<div data-elementor-type=\"wp-post\" data-elementor-id=\"5402\" class=\"elementor elementor-5402\" data-elementor-post-type=\"post\">\n\t\t\t\t<div class=\"elementor-element elementor-element-28831438 e-flex e-con-boxed e-con e-parent\" data-id=\"28831438\" data-element_type=\"container\">\n\t\t\t\t\t<div class=\"e-con-inner\">\n\t\t\t\t<div class=\"elementor-element elementor-element-2779d430 elementor-widget elementor-widget-heading\" data-id=\"2779d430\" data-element_type=\"widget\" data-widget_type=\"heading.default\">\n\t\t\t\t<div class=\"elementor-widget-container\">\n\t\t\t<h1 class=\"elementor-heading-title elementor-size-default\">villa pour les vacances Marrakech : D\u00e9couvrez la Villa Albaicin-Event, un Havre de Luxe et de S\u00e9r\u00e9nit\u00e9<\/h1>\t\t<\/div>\n\t\t\t\t<\/div>\n\t\t\t\t\t<\/div>\n\t\t\t\t<\/div>\n\t\t<div class=\"elementor-element elementor-element-135e065a e-con-full e-flex e-con e-parent\" data-id=\"135e065a\" data-element_type=\"container\">\n\t\t<div class=\"elementor-element elementor-element-9446193 e-con-full e-flex e-con e-child\" data-id=\"9446193\" data-element_type=\"container\" data-settings=\"{&quot;background_background&quot;:&quot;classic&quot;}\">\n\t\t\t\t<div class=\"elementor-element elementor-element-795cdee elementor-widget elementor-widget-image\" data-id=\"795cdee\" data-element_type=\"widget\" data-widget_type=\"image.default\">\n\t\t\t\t<div class=\"elementor-widget-container\">\n\t\t\t\t\t\t\t\t\t\t\t\t\t<img decoding=\"async\" width=\"1024\" height=\"683\" src=\"https:\/\/albaicin-event.be\/wp-content\/uploads\/2023\/12\/\u00a9Marwane-SOBAI_MG_5429-copie-1-1024x683.webp\" class=\"attachment-large size-large wp-image-1017\" alt=\"\" srcset=\"https:\/\/albaicin-event.be\/wp-content\/uploads\/2023\/12\/\u00a9Marwane-SOBAI_MG_5429-copie-1-1024x683.webp 1024w, https:\/\/albaicin-event.be\/wp-content\/uploads\/2023\/12\/\u00a9Marwane-SOBAI_MG_5429-copie-1-300x200.webp 300w, https:\/\/albaicin-event.be\/wp-content\/uploads\/2023\/12\/\u00a9Marwane-SOBAI_MG_5429-copie-1-768x512.webp 768w, https:\/\/albaicin-event.be\/wp-content\/uploads\/2023\/12\/\u00a9Marwane-SOBAI_MG_5429-copie-1.webp 1200w\" sizes=\"(max-width: 1024px) 100vw, 1024px\" \/>\t\t\t\t\t\t\t\t\t\t\t\t\t<\/div>\n\t\t\t\t<\/div>\n\t\t\t\t<div class=\"elementor-element elementor-element-67467e57 elementor-widget elementor-widget-heading\" data-id=\"67467e57\" data-element_type=\"widget\" data-widget_type=\"heading.default\">\n\t\t\t\t<div class=\"elementor-widget-container\">\n\t\t\t<h3 class=\"elementor-heading-title elementor-size-default\">introduction <\/h3>\t\t<\/div>\n\t\t\t\t<\/div>\n\t\t\t\t<div class=\"elementor-element elementor-element-5995585e elementor-widget elementor-widget-text-editor\" data-id=\"5995585e\" data-element_type=\"widget\" data-widget_type=\"text-editor.default\">\n\t\t\t\t<div class=\"elementor-widget-container\">\n\t\t\t\t\t\t\t<p>Nich\u00e9e au c\u0153ur du paysage \u00e9poustouflant de Marrakech, la villa \u00ab\u00a0Albaicin-event\u00a0\u00bb offre une exp\u00e9rience de vacances luxueuse qui allie le charme traditionnel marocain \u00e0 une \u00e9l\u00e9gance moderne. Cet \u00e9tablissement exclusif est parfaitement adapt\u00e9 pour ceux qui recherchent une escapade sophistiqu\u00e9e, offrant un acc\u00e8s privil\u00e9gi\u00e9 \u00e0 des vues impressionnantes et \u00e0 des services de premi\u00e8re classe.<\/p>\t\t\t\t\t\t<\/div>\n\t\t\t\t<\/div>\n\t\t<div class=\"elementor-element elementor-element-be54d6e e-flex e-con-boxed e-con e-child\" data-id=\"be54d6e\" data-element_type=\"container\">\n\t\t\t\t\t<div class=\"e-con-inner\">\n\t\t\t\t<div class=\"elementor-element elementor-element-8de9d79 elementor-widget elementor-widget-button\" data-id=\"8de9d79\" data-element_type=\"widget\" data-widget_type=\"button.default\">\n\t\t\t\t<div class=\"elementor-widget-container\">\n\t\t\t\t\t\t\t<div class=\"elementor-button-wrapper\">\n\t\t\t\t\t<a class=\"elementor-button elementor-button-link elementor-size-sm\" href=\"https:\/\/albaicin-event.be\/nl\/location-residentielle-belgique\/\">\n\t\t\t\t\t\t<span class=\"elementor-button-content-wrapper\">\n\t\t\t\t\t\t\t\t\t<span class=\"elementor-button-text\">R\u00e9server maintenant<\/span>\n\t\t\t\t\t<\/span>\n\t\t\t\t\t<\/a>\n\t\t\t\t<\/div>\n\t\t\t\t\t\t<\/div>\n\t\t\t\t<\/div>\n\t\t\t\t<div class=\"elementor-element elementor-element-ffb9b6f elementor-widget__width-initial elementor-widget elementor-widget-button\" data-id=\"ffb9b6f\" data-element_type=\"widget\" data-widget_type=\"button.default\">\n\t\t\t\t<div class=\"elementor-widget-container\">\n\t\t\t\t\t\t\t<div class=\"elementor-button-wrapper\">\n\t\t\t\t\t<a class=\"elementor-button elementor-button-link elementor-size-sm\" href=\"https:\/\/albaicin-event.be\/nl\/\">\n\t\t\t\t\t\t<span class=\"elementor-button-content-wrapper\">\n\t\t\t\t\t\t\t\t\t<span class=\"elementor-button-text\">En savoir plus<\/span>\n\t\t\t\t\t<\/span>\n\t\t\t\t\t<\/a>\n\t\t\t\t<\/div>\n\t\t\t\t\t\t<\/div>\n\t\t\t\t<\/div>\n\t\t\t\t\t<\/div>\n\t\t\t\t<\/div>\n\t\t\t\t<div class=\"elementor-element elementor-element-61b32aae elementor-widget elementor-widget-heading\" data-id=\"61b32aae\" data-element_type=\"widget\" data-widget_type=\"heading.default\">\n\t\t\t\t<div class=\"elementor-widget-container\">\n\t\t\t<h3 class=\"elementor-heading-title elementor-size-default\">Description D\u00e9taill\u00e9e de la Villa \"Albaicin-event\"\n<\/h3>\t\t<\/div>\n\t\t\t\t<\/div>\n\t\t\t\t<div class=\"elementor-element elementor-element-3dfdf6db elementor-widget elementor-widget-heading\" data-id=\"3dfdf6db\" data-element_type=\"widget\" data-widget_type=\"heading.default\">\n\t\t\t\t<div class=\"elementor-widget-container\">\n\t\t\t<h5 class=\"elementor-heading-title elementor-size-default\">Architecture et Design\n<\/h5>\t\t<\/div>\n\t\t\t\t<\/div>\n\t\t\t\t<div class=\"elementor-element elementor-element-4e2f9478 elementor-widget elementor-widget-text-editor\" data-id=\"4e2f9478\" data-element_type=\"widget\" data-widget_type=\"text-editor.default\">\n\t\t\t\t<div class=\"elementor-widget-container\">\n\t\t\t\t\t\t\t<p>\u00ab\u00a0Albaicin-event\u00a0\u00bb se distingue par son architecture qui refl\u00e8te les influences arabo-andalouses m\u00eal\u00e9es \u00e0 des touches contemporaines. L&rsquo;espace int\u00e9rieur est con\u00e7u pour favoriser une atmosph\u00e8re de d\u00e9tente et de luxe.<\/p>\t\t\t\t\t\t<\/div>\n\t\t\t\t<\/div>\n\t\t\t\t<div class=\"elementor-element elementor-element-15c8218 elementor-widget elementor-widget-heading\" data-id=\"15c8218\" data-element_type=\"widget\" data-widget_type=\"heading.default\">\n\t\t\t\t<div class=\"elementor-widget-container\">\n\t\t\t<h5 class=\"elementor-heading-title elementor-size-default\">Emplacement et Accessibilit\u00e9\n<\/h5>\t\t<\/div>\n\t\t\t\t<\/div>\n\t\t\t\t<div class=\"elementor-element elementor-element-650e85cb elementor-widget elementor-widget-text-editor\" data-id=\"650e85cb\" data-element_type=\"widget\" data-widget_type=\"text-editor.default\">\n\t\t\t\t<div class=\"elementor-widget-container\">\n\t\t\t\t\t\t\t<p>Situ\u00e9e \u00e0 seulement quelques minutes du centre anim\u00e9 de Marrakech, \u00ab\u00a0Albaicin-event\u00a0\u00bb est un havre de paix facilement accessible, permettant aux visiteurs de s&rsquo;immerger rapidement dans la culture locale tout en restant en retrait de l&rsquo;agitation urbaine.<\/p>\t\t\t\t\t\t<\/div>\n\t\t\t\t<\/div>\n\t\t\t\t<div class=\"elementor-element elementor-element-7e895ba5 elementor-widget elementor-widget-heading\" data-id=\"7e895ba5\" data-element_type=\"widget\" data-widget_type=\"heading.default\">\n\t\t\t\t<div class=\"elementor-widget-container\">\n\t\t\t<h5 class=\"elementor-heading-title elementor-size-default\">Services inclus et personnel<\/h5>\t\t<\/div>\n\t\t\t\t<\/div>\n\t\t\t\t<div class=\"elementor-element elementor-element-3753054 elementor-widget elementor-widget-text-editor\" data-id=\"3753054\" data-element_type=\"widget\" data-widget_type=\"text-editor.default\">\n\t\t\t\t<div class=\"elementor-widget-container\">\n\t\t\t\t\t\t\t<p>Un des principaux attraits de la villa Albaicin-event est la qualit\u00e9 exceptionnelle de ses services. Le personnel d\u00e9di\u00e9 comprend un majordome, une gouvernante, des chefs priv\u00e9s et des concierges. Ils sont \u00e0 disposition pour r\u00e9pondre \u00e0 tous les besoins des invit\u00e9s, offrant des services tels que le m\u00e9nage quotidien, la pr\u00e9paration des repas et l&rsquo;organisation d&rsquo;excursions.<\/p><p>Les chefs priv\u00e9s peuvent pr\u00e9parer des repas adapt\u00e9s aux pr\u00e9f\u00e9rences des invit\u00e9s, que ce soit un d\u00eener marocain traditionnel ou une cuisine internationale. Le service de conciergerie est \u00e9galement disponible pour organiser des activit\u00e9s personnalis\u00e9es, telles que des excursions dans le d\u00e9sert, des visites guid\u00e9es de la ville et des r\u00e9servations de restaurant.<\/p>\t\t\t\t\t\t<\/div>\n\t\t\t\t<\/div>\n\t\t\t\t<div class=\"elementor-element elementor-element-48bc0d02 elementor-widget elementor-widget-heading\" data-id=\"48bc0d02\" data-element_type=\"widget\" data-widget_type=\"heading.default\">\n\t\t\t\t<div class=\"elementor-widget-container\">\n\t\t\t<h3 class=\"elementor-heading-title elementor-size-default\">\u00c9quipements et Services\n<\/h3>\t\t<\/div>\n\t\t\t\t<\/div>\n\t\t\t\t<div class=\"elementor-element elementor-element-334e6d2 elementor-widget elementor-widget-heading\" data-id=\"334e6d2\" data-element_type=\"widget\" data-widget_type=\"heading.default\">\n\t\t\t\t<div class=\"elementor-widget-container\">\n\t\t\t<h5 class=\"elementor-heading-title elementor-size-default\">Confort et Installations Luxueuses\n<\/h5>\t\t<\/div>\n\t\t\t\t<\/div>\n\t\t\t\t<div class=\"elementor-element elementor-element-3af6c433 elementor-widget elementor-widget-text-editor\" data-id=\"3af6c433\" data-element_type=\"widget\" data-widget_type=\"text-editor.default\">\n\t\t\t\t<div class=\"elementor-widget-container\">\n\t\t\t\t\t\t\t<p>\u00c0 la villa \u00ab\u00a0Albaicin-event\u00a0\u00bb, chaque espace est con\u00e7u pour offrir le summum du confort et de l&rsquo;\u00e9l\u00e9gance. Les visiteurs peuvent profiter d&rsquo;une vaste piscine \u00e0 d\u00e9bordement qui semble se fondre dans le paysage environnant des montagnes de l&rsquo;Atlas. Le soir, les eaux calmes de la piscine refl\u00e8tent le coucher du soleil, offrant un spectacle visuel captivant. Autour de cette oasis aquatique, des chaises longues haut de gamme et des cabanas priv\u00e9es permettent aux invit\u00e9s de se d\u00e9tendre dans une intimit\u00e9 absolue.<\/p><p>Les jardins de la villa sont un autre point fort, entretenus avec soin pour assurer une floraison spectaculaire tout au long de l&rsquo;ann\u00e9e. Des sentiers pav\u00e9s serpentent \u00e0 travers ces espaces verts, invitant les visiteurs \u00e0 des promenades m\u00e9ditatives au milieu des parfums de jasmin et de rose. Pour ceux qui cherchent \u00e0 rester actifs, un court de tennis et une salle de fitness enti\u00e8rement \u00e9quip\u00e9e sont disponibles, permettant aux h\u00f4tes de maintenir leur routine d&rsquo;exercice m\u00eame en vacances.<\/p>\t\t\t\t\t\t<\/div>\n\t\t\t\t<\/div>\n\t\t\t\t<div class=\"elementor-element elementor-element-56d23003 elementor-widget elementor-widget-heading\" data-id=\"56d23003\" data-element_type=\"widget\" data-widget_type=\"heading.default\">\n\t\t\t\t<div class=\"elementor-widget-container\">\n\t\t\t<h5 class=\"elementor-heading-title elementor-size-default\">Services Exclusifs Disponibles\n<\/h5>\t\t<\/div>\n\t\t\t\t<\/div>\n\t\t\t\t<div class=\"elementor-element elementor-element-2e581d37 elementor-widget elementor-widget-text-editor\" data-id=\"2e581d37\" data-element_type=\"widget\" data-widget_type=\"text-editor.default\">\n\t\t\t\t<div class=\"elementor-widget-container\">\n\t\t\t\t\t\t\t<p>\u00ab\u00a0Albaicin-event\u00a0\u00bb se distingue non seulement par ses installations, mais aussi par son niveau exceptionnel de service client. Un concierge d\u00e9di\u00e9 est \u00e0 disposition pour r\u00e9pondre \u00e0 toutes les demandes, qu&rsquo;il s&rsquo;agisse d&rsquo;organiser un transport priv\u00e9 pour explorer les souks de Marrakech ou de r\u00e9server une table dans un restaurant \u00e9toil\u00e9. Pour ceux qui pr\u00e9f\u00e8rent d\u00eener dans l&rsquo;intimit\u00e9 de la villa, un chef priv\u00e9 peut \u00eatre engag\u00e9 pour pr\u00e9parer des repas sur mesure, allant des sp\u00e9cialit\u00e9s locales aux cuisines internationales.<\/p><p>Des soins spa \u00e0 domicile sont \u00e9galement propos\u00e9s, permettant aux invit\u00e9s de se livrer \u00e0 des massages relaxants, des soins du visage revitalisants, et d&rsquo;autres traitements de bien-\u00eatre sans quitter le confort de leur r\u00e9sidence temporaire. Pour les soir\u00e9es, un mixologue peut \u00eatre appel\u00e9 pour concocter des cocktails exclusifs au bar de la piscine, ajoutant une touche de festivit\u00e9 \u00e0 l&rsquo;atmosph\u00e8re d\u00e9j\u00e0 magique de \u00ab\u00a0Albaicin-event\u00a0\u00bb.<\/p><p>Cette approche globale pour satisfaire chaque besoin des visiteurs garantit que chaque s\u00e9jour \u00e0 \u00ab\u00a0Albaicin-event\u00a0\u00bb est non seulement relaxant mais aussi enrichissant, offrant une exp\u00e9rience de vacances v\u00e9ritablement luxueuse et m\u00e9morable \u00e0 Marrakech.<\/p>\t\t\t\t\t\t<\/div>\n\t\t\t\t<\/div>\n\t\t\t\t<div class=\"elementor-element elementor-element-336d74d2 elementor-widget elementor-widget-heading\" data-id=\"336d74d2\" data-element_type=\"widget\" data-widget_type=\"heading.default\">\n\t\t\t\t<div class=\"elementor-widget-container\">\n\t\t\t<h5 class=\"elementor-heading-title elementor-size-default\">Rapport qualit\u00e9-prix<\/h5>\t\t<\/div>\n\t\t\t\t<\/div>\n\t\t\t\t<div class=\"elementor-element elementor-element-597e21ab elementor-widget elementor-widget-text-editor\" data-id=\"597e21ab\" data-element_type=\"widget\" data-widget_type=\"text-editor.default\">\n\t\t\t\t<div class=\"elementor-widget-container\">\n\t\t\t\t\t\t\t<p>Bien que plus co\u00fbteuse que les h\u00f4tels standards, la location de prestige offre un rapport qualit\u00e9-prix sup\u00e9rieur en raison de son espace, de ses installations et de ses services. La villa Albaicin-event peut accueillir un grand nombre d&rsquo;invit\u00e9s, ce qui en fait un choix \u00e9conomique pour les familles nombreuses ou les groupes d&rsquo;amis. De plus, les services inclus, tels que le m\u00e9nage quotidien et les chefs priv\u00e9s, ajoutent une valeur suppl\u00e9mentaire.<\/p><p>En comparaison avec les h\u00f4tels de luxe, qui facturent souvent des frais suppl\u00e9mentaires pour les services de conciergerie et les installations, la villa offre un niveau de service plus \u00e9lev\u00e9 \u00e0 un co\u00fbt globalement inf\u00e9rieur.<\/p>\t\t\t\t\t\t<\/div>\n\t\t\t\t<\/div>\n\t\t\t\t<div class=\"elementor-element elementor-element-e4cc724 elementor-widget elementor-widget-image\" data-id=\"e4cc724\" data-element_type=\"widget\" data-widget_type=\"image.default\">\n\t\t\t\t<div class=\"elementor-widget-container\">\n\t\t\t\t\t\t\t\t\t\t\t\t\t<img decoding=\"async\" width=\"1024\" height=\"678\" src=\"https:\/\/albaicin-event.be\/wp-content\/uploads\/2023\/12\/loisir-1-1-1024x678.webp\" class=\"attachment-large size-large wp-image-1186\" alt=\"\" srcset=\"https:\/\/albaicin-event.be\/wp-content\/uploads\/2023\/12\/loisir-1-1-1024x678.webp 1024w, https:\/\/albaicin-event.be\/wp-content\/uploads\/2023\/12\/loisir-1-1-300x199.webp 300w, https:\/\/albaicin-event.be\/wp-content\/uploads\/2023\/12\/loisir-1-1-768x509.webp 768w, https:\/\/albaicin-event.be\/wp-content\/uploads\/2023\/12\/loisir-1-1-1536x1017.webp 1536w, https:\/\/albaicin-event.be\/wp-content\/uploads\/2023\/12\/loisir-1-1.webp 1880w\" sizes=\"(max-width: 1024px) 100vw, 1024px\" \/>\t\t\t\t\t\t\t\t\t\t\t\t\t<\/div>\n\t\t\t\t<\/div>\n\t\t<div class=\"elementor-element elementor-element-56aded4 e-flex e-con-boxed e-con e-child\" data-id=\"56aded4\" data-element_type=\"container\">\n\t\t\t\t\t<div class=\"e-con-inner\">\n\t\t\t\t<div class=\"elementor-element elementor-element-3ea6b64 elementor-widget elementor-widget-button\" data-id=\"3ea6b64\" data-element_type=\"widget\" data-widget_type=\"button.default\">\n\t\t\t\t<div class=\"elementor-widget-container\">\n\t\t\t\t\t\t\t<div class=\"elementor-button-wrapper\">\n\t\t\t\t\t<a class=\"elementor-button elementor-button-link elementor-size-sm\" href=\"https:\/\/albaicin-event.be\/nl\/location-residentielle-belgique\/\">\n\t\t\t\t\t\t<span class=\"elementor-button-content-wrapper\">\n\t\t\t\t\t\t\t\t\t<span class=\"elementor-button-text\">R\u00e9server maintenant<\/span>\n\t\t\t\t\t<\/span>\n\t\t\t\t\t<\/a>\n\t\t\t\t<\/div>\n\t\t\t\t\t\t<\/div>\n\t\t\t\t<\/div>\n\t\t\t\t<div class=\"elementor-element elementor-element-204ed69 elementor-widget__width-initial elementor-widget elementor-widget-button\" data-id=\"204ed69\" data-element_type=\"widget\" data-widget_type=\"button.default\">\n\t\t\t\t<div class=\"elementor-widget-container\">\n\t\t\t\t\t\t\t<div class=\"elementor-button-wrapper\">\n\t\t\t\t\t<a class=\"elementor-button elementor-button-link elementor-size-sm\" href=\"https:\/\/albaicin-event.be\/nl\/\">\n\t\t\t\t\t\t<span class=\"elementor-button-content-wrapper\">\n\t\t\t\t\t\t\t\t\t<span class=\"elementor-button-text\">En savoir plus<\/span>\n\t\t\t\t\t<\/span>\n\t\t\t\t\t<\/a>\n\t\t\t\t<\/div>\n\t\t\t\t\t\t<\/div>\n\t\t\t\t<\/div>\n\t\t\t\t\t<\/div>\n\t\t\t\t<\/div>\n\t\t\t\t<div class=\"elementor-element elementor-element-7d941a1f elementor-widget elementor-widget-heading\" data-id=\"7d941a1f\" data-element_type=\"widget\" data-widget_type=\"heading.default\">\n\t\t\t\t<div class=\"elementor-widget-container\">\n\t\t\t<h3 class=\"elementor-heading-title elementor-size-default\">Exp\u00e9rience Client \u00e0 \"Albaicin-event\"\n<\/h3>\t\t<\/div>\n\t\t\t\t<\/div>\n\t\t\t\t<div class=\"elementor-element elementor-element-5e1db49 elementor-widget elementor-widget-heading\" data-id=\"5e1db49\" data-element_type=\"widget\" data-widget_type=\"heading.default\">\n\t\t\t\t<div class=\"elementor-widget-container\">\n\t\t\t<h5 class=\"elementor-heading-title elementor-size-default\">T\u00e9moignages et Retours d\u2019Exp\u00e9rience\n<\/h5>\t\t<\/div>\n\t\t\t\t<\/div>\n\t\t\t\t<div class=\"elementor-element elementor-element-97088de elementor-widget elementor-widget-text-editor\" data-id=\"97088de\" data-element_type=\"widget\" data-widget_type=\"text-editor.default\">\n\t\t\t\t<div class=\"elementor-widget-container\">\n\t\t\t\t\t\t\t<p>Les clients pr\u00e9c\u00e9dents louent souvent \u00ab\u00a0Albaicin-event\u00a0\u00bb pour son hospitalit\u00e9 exceptionnelle et son cadre idyllique, parfait pour des \u00e9v\u00e9nements sp\u00e9ciaux et des retraites tranquilles.<\/p>\t\t\t\t\t\t<\/div>\n\t\t\t\t<\/div>\n\t\t\t\t<div class=\"elementor-element elementor-element-499fcb30 elementor-widget elementor-widget-heading\" data-id=\"499fcb30\" data-element_type=\"widget\" data-widget_type=\"heading.default\">\n\t\t\t\t<div class=\"elementor-widget-container\">\n\t\t\t<h5 class=\"elementor-heading-title elementor-size-default\">Cas Pratiques d'\u00c9v\u00e9nements R\u00e9ussis\n<\/h5>\t\t<\/div>\n\t\t\t\t<\/div>\n\t\t\t\t<div class=\"elementor-element elementor-element-24b35493 elementor-widget elementor-widget-text-editor\" data-id=\"24b35493\" data-element_type=\"widget\" data-widget_type=\"text-editor.default\">\n\t\t\t\t<div class=\"elementor-widget-container\">\n\t\t\t\t\t\t\t<p>De mariages de conte de f\u00e9es \u00e0 des s\u00e9minaires d&rsquo;entreprise exclusifs, \u00ab\u00a0Albaicin-event\u00a0\u00bb a prouv\u00e9 qu&rsquo;elle peut transformer n&rsquo;importe quel \u00e9v\u00e9nement en une exp\u00e9rience m\u00e9morable.<\/p>\t\t\t\t\t\t<\/div>\n\t\t\t\t<\/div>\n\t\t\t\t<div class=\"elementor-element elementor-element-184aab11 elementor-widget elementor-widget-heading\" data-id=\"184aab11\" data-element_type=\"widget\" data-widget_type=\"heading.default\">\n\t\t\t\t<div class=\"elementor-widget-container\">\n\t\t\t<h5 class=\"elementor-heading-title elementor-size-default\">Climat et paysages<\/h5>\t\t<\/div>\n\t\t\t\t<\/div>\n\t\t\t\t<div class=\"elementor-element elementor-element-7d7a0727 elementor-widget elementor-widget-text-editor\" data-id=\"7d7a0727\" data-element_type=\"widget\" data-widget_type=\"text-editor.default\">\n\t\t\t\t<div class=\"elementor-widget-container\">\n\t\t\t\t\t\t\t<p>Marrakech b\u00e9n\u00e9ficie d&rsquo;un climat ensoleill\u00e9 presque toute l&rsquo;ann\u00e9e, ce qui en fait une destination id\u00e9ale pour les amateurs de soleil. Les temp\u00e9ratures sont les plus agr\u00e9ables au printemps et en automne, tandis que l&rsquo;hiver est doux. Les montagnes de l&rsquo;Atlas, visibles depuis la ville, offrent un spectacle majestueux et sont parfaites pour les excursions d&rsquo;une journ\u00e9e.<\/p><p>Le d\u00e9sert d&rsquo;Agafay, situ\u00e9 \u00e0 une courte distance en voiture, offre un paysage contrastant avec ses dunes de sable et ses vues \u00e0 couper le souffle. Les visiteurs peuvent y vivre des exp\u00e9riences uniques, telles que les balades \u00e0 dos de chameau et les nuits sous les \u00e9toiles.<\/p>\t\t\t\t\t\t<\/div>\n\t\t\t\t<\/div>\n\t\t\t\t<div class=\"elementor-element elementor-element-5bae9924 elementor-widget elementor-widget-heading\" data-id=\"5bae9924\" data-element_type=\"widget\" data-widget_type=\"heading.default\">\n\t\t\t\t<div class=\"elementor-widget-container\">\n\t\t\t<h3 class=\"elementor-heading-title elementor-size-default\">Avantages de Choisir \"Albaicin-event\" pour les Vacances\n<\/h3>\t\t<\/div>\n\t\t\t\t<\/div>\n\t\t\t\t<div class=\"elementor-element elementor-element-6a09d74e elementor-widget elementor-widget-heading\" data-id=\"6a09d74e\" data-element_type=\"widget\" data-widget_type=\"heading.default\">\n\t\t\t\t<div class=\"elementor-widget-container\">\n\t\t\t<h5 class=\"elementor-heading-title elementor-size-default\">R\u00e9server au bon moment<\/h5>\t\t<\/div>\n\t\t\t\t<\/div>\n\t\t\t\t<div class=\"elementor-element elementor-element-545ac7d9 elementor-widget elementor-widget-text-editor\" data-id=\"545ac7d9\" data-element_type=\"widget\" data-widget_type=\"text-editor.default\">\n\t\t\t\t<div class=\"elementor-widget-container\">\n\t\t\t\t\t\t\t<p>\u00ab\u00a0Albaicin-event\u00a0\u00bb offre une combinaison unique d&rsquo;intimit\u00e9, de luxe et d&rsquo;acc\u00e8s \u00e0 la riche culture de Marrakech, ce qui en fait un choix privil\u00e9gi\u00e9 pour les vacances de luxe.<\/p>\t\t\t\t\t\t<\/div>\n\t\t\t\t<\/div>\n\t\t\t\t<div class=\"elementor-element elementor-element-1d6ce2c0 elementor-widget elementor-widget-heading\" data-id=\"1d6ce2c0\" data-element_type=\"widget\" data-widget_type=\"heading.default\">\n\t\t\t\t<div class=\"elementor-widget-container\">\n\t\t\t<h5 class=\"elementor-heading-title elementor-size-default\">Guide Pratique : R\u00e9server \u00e0 \"Albaicin-event\"\n<\/h5>\t\t<\/div>\n\t\t\t\t<\/div>\n\t\t\t\t<div class=\"elementor-element elementor-element-2d094d05 elementor-widget elementor-widget-text-editor\" data-id=\"2d094d05\" data-element_type=\"widget\" data-widget_type=\"text-editor.default\">\n\t\t\t\t<div class=\"elementor-widget-container\">\n\t\t\t\t\t\t\t<p>Le processus de r\u00e9servation est simplifi\u00e9 pour assurer une exp\u00e9rience utilisateur agr\u00e9able, avec des conseils pour tirer le meilleur parti de votre s\u00e9jour \u00e0 \u00ab\u00a0Albaicin-event\u00a0\u00bb.<\/p>\t\t\t\t\t\t<\/div>\n\t\t\t\t<\/div>\n\t\t\t\t<div class=\"elementor-element elementor-element-725077f6 elementor-widget elementor-widget-heading\" data-id=\"725077f6\" data-element_type=\"widget\" data-widget_type=\"heading.default\">\n\t\t\t\t<div class=\"elementor-widget-container\">\n\t\t\t<h5 class=\"elementor-heading-title elementor-size-default\">R\u00e9flexions Finales : Votre Luxueuse \u00c9chapp\u00e9e \u00e0 Marrakech\n<\/h5>\t\t<\/div>\n\t\t\t\t<\/div>\n\t\t\t\t<div class=\"elementor-element elementor-element-1c90ece5 elementor-widget elementor-widget-text-editor\" data-id=\"1c90ece5\" data-element_type=\"widget\" data-widget_type=\"text-editor.default\">\n\t\t\t\t<div class=\"elementor-widget-container\">\n\t\t\t\t\t\t\t<p>\u00ab\u00a0Albaicin-event\u00a0\u00bb incarne le summum du luxe et de l&rsquo;hospitalit\u00e9 marocaine, offrant une \u00e9vasion parfaite pour ceux qui cherchent \u00e0 se ressourcer dans un cadre somptueux.<\/p>\t\t\t\t\t\t<\/div>\n\t\t\t\t<\/div>\n\t\t\t\t<div class=\"elementor-element elementor-element-6593ae05 elementor-widget elementor-widget-image\" data-id=\"6593ae05\" data-element_type=\"widget\" data-widget_type=\"image.default\">\n\t\t\t\t<div class=\"elementor-widget-container\">\n\t\t\t\t\t\t\t\t\t\t\t\t\t<img loading=\"lazy\" decoding=\"async\" width=\"1024\" height=\"682\" src=\"https:\/\/albaicin-event.be\/wp-content\/uploads\/2023\/12\/salon-7-1024x682.webp\" class=\"attachment-large size-large wp-image-1129\" alt=\"\" srcset=\"https:\/\/albaicin-event.be\/wp-content\/uploads\/2023\/12\/salon-7-1024x682.webp 1024w, https:\/\/albaicin-event.be\/wp-content\/uploads\/2023\/12\/salon-7-300x200.webp 300w, https:\/\/albaicin-event.be\/wp-content\/uploads\/2023\/12\/salon-7-768x512.webp 768w, https:\/\/albaicin-event.be\/wp-content\/uploads\/2023\/12\/salon-7-1536x1024.webp 1536w, https:\/\/albaicin-event.be\/wp-content\/uploads\/2023\/12\/salon-7.webp 1880w\" sizes=\"(max-width: 1024px) 100vw, 1024px\" \/>\t\t\t\t\t\t\t\t\t\t\t\t\t<\/div>\n\t\t\t\t<\/div>\n\t\t\t\t<div class=\"elementor-element elementor-element-771f4bae elementor-widget elementor-widget-heading\" data-id=\"771f4bae\" data-element_type=\"widget\" data-widget_type=\"heading.default\">\n\t\t\t\t<div class=\"elementor-widget-container\">\n\t\t\t<h3 class=\"elementor-heading-title elementor-size-default\">Conclusion<\/h3>\t\t<\/div>\n\t\t\t\t<\/div>\n\t\t<div class=\"elementor-element elementor-element-274f5b8 e-flex e-con-boxed e-con e-child\" data-id=\"274f5b8\" data-element_type=\"container\">\n\t\t\t\t\t<div class=\"e-con-inner\">\n\t\t\t\t<div class=\"elementor-element elementor-element-02f631c elementor-widget elementor-widget-button\" data-id=\"02f631c\" data-element_type=\"widget\" data-widget_type=\"button.default\">\n\t\t\t\t<div class=\"elementor-widget-container\">\n\t\t\t\t\t\t\t<div class=\"elementor-button-wrapper\">\n\t\t\t\t\t<a class=\"elementor-button elementor-button-link elementor-size-sm\" href=\"https:\/\/albaicin-event.be\/nl\/location-residentielle-belgique\/\">\n\t\t\t\t\t\t<span class=\"elementor-button-content-wrapper\">\n\t\t\t\t\t\t\t\t\t<span class=\"elementor-button-text\">R\u00e9server maintenant<\/span>\n\t\t\t\t\t<\/span>\n\t\t\t\t\t<\/a>\n\t\t\t\t<\/div>\n\t\t\t\t\t\t<\/div>\n\t\t\t\t<\/div>\n\t\t\t\t<div class=\"elementor-element elementor-element-001d3c4 elementor-widget__width-initial elementor-widget elementor-widget-button\" data-id=\"001d3c4\" data-element_type=\"widget\" data-widget_type=\"button.default\">\n\t\t\t\t<div class=\"elementor-widget-container\">\n\t\t\t\t\t\t\t<div class=\"elementor-button-wrapper\">\n\t\t\t\t\t<a class=\"elementor-button elementor-button-link elementor-size-sm\" href=\"https:\/\/albaicin-event.be\/nl\/\">\n\t\t\t\t\t\t<span class=\"elementor-button-content-wrapper\">\n\t\t\t\t\t\t\t\t\t<span class=\"elementor-button-text\">En savoir plus<\/span>\n\t\t\t\t\t<\/span>\n\t\t\t\t\t<\/a>\n\t\t\t\t<\/div>\n\t\t\t\t\t\t<\/div>\n\t\t\t\t<\/div>\n\t\t\t\t\t<\/div>\n\t\t\t\t<\/div>\n\t\t\t\t<div class=\"elementor-element elementor-element-3a928f9e elementor-widget elementor-widget-text-editor\" data-id=\"3a928f9e\" data-element_type=\"widget\" data-widget_type=\"text-editor.default\">\n\t\t\t\t<div class=\"elementor-widget-container\">\n\t\t\t\t\t\t\t<p>La villa Albaicin-event offre une exp\u00e9rience de luxe incomparable \u00e0 Marrakech. Ses installations de premier ordre, son personnel d\u00e9vou\u00e9, et son emplacement id\u00e9al en font le choix parfait pour les vacances.\u00a0<\/p>\t\t\t\t\t\t<\/div>\n\t\t\t\t<\/div>\n\t\t\t\t<div class=\"elementor-element elementor-element-7a020fc6 elementor-widget elementor-widget-heading\" data-id=\"7a020fc6\" data-element_type=\"widget\" data-widget_type=\"heading.default\">\n\t\t\t\t<div class=\"elementor-widget-container\">\n\t\t\t<h4 class=\"elementor-heading-title elementor-size-default\">Reponses a vos questions<\/h4>\t\t<\/div>\n\t\t\t\t<\/div>\n\t\t\t\t<div class=\"elementor-element elementor-element-10a64756 elementor-widget elementor-widget-accordion\" data-id=\"10a64756\" data-element_type=\"widget\" data-widget_type=\"accordion.default\">\n\t\t\t\t<div class=\"elementor-widget-container\">\n\t\t\t\t\t<div class=\"elementor-accordion\">\n\t\t\t\t\t\t\t<div class=\"elementor-accordion-item\">\n\t\t\t\t\t<div id=\"elementor-tab-title-2791\" class=\"elementor-tab-title\" data-tab=\"1\" role=\"button\" aria-controls=\"elementor-tab-content-2791\" aria-expanded=\"false\">\n\t\t\t\t\t\t\t\t\t\t\t\t\t<span class=\"elementor-accordion-icon elementor-accordion-icon-right\" aria-hidden=\"true\">\n\t\t\t\t\t\t\t\t\t\t\t\t\t\t\t<span class=\"elementor-accordion-icon-closed\"><svg class=\"e-font-icon-svg e-fas-plus\" viewbox=\"0 0 448 512\" xmlns=\"http:\/\/www.w3.org\/2000\/svg\"><path d=\"M416 208H272V64c0-17.67-14.33-32-32-32h-32c-17.67 0-32 14.33-32 32v144H32c-17.67 0-32 14.33-32 32v32c0 17.67 14.33 32 32 32h144v144c0 17.67 14.33 32 32 32h32c17.67 0 32-14.33 32-32V304h144c17.67 0 32-14.33 32-32v-32c0-17.67-14.33-32-32-32z\"><\/path><\/svg><\/span>\n\t\t\t\t\t\t\t\t<span class=\"elementor-accordion-icon-opened\"><svg class=\"e-font-icon-svg e-fas-minus\" viewbox=\"0 0 448 512\" xmlns=\"http:\/\/www.w3.org\/2000\/svg\"><path d=\"M416 208H32c-17.67 0-32 14.33-32 32v32c0 17.67 14.33 32 32 32h384c17.67 0 32-14.33 32-32v-32c0-17.67-14.33-32-32-32z\"><\/path><\/svg><\/span>\n\t\t\t\t\t\t\t\t\t\t\t\t\t\t<\/span>\n\t\t\t\t\t\t\t\t\t\t\t\t<a class=\"elementor-accordion-title\" tabindex=\"0\">La villa est-elle adapt\u00e9e aux familles ?<\/a>\n\t\t\t\t\t<\/div>\n\t\t\t\t\t<div id=\"elementor-tab-content-2791\" class=\"elementor-tab-content elementor-clearfix\" data-tab=\"1\" role=\"region\" aria-labelledby=\"elementor-tab-title-2791\"><p>Oui, la villa dispose d&rsquo;espaces adapt\u00e9s aux familles et le personnel peut organiser des activit\u00e9s pour les enfants.<\/p><\/div>\n\t\t\t\t<\/div>\n\t\t\t\t\t\t\t<div class=\"elementor-accordion-item\">\n\t\t\t\t\t<div id=\"elementor-tab-title-2792\" class=\"elementor-tab-title\" data-tab=\"2\" role=\"button\" aria-controls=\"elementor-tab-content-2792\" aria-expanded=\"false\">\n\t\t\t\t\t\t\t\t\t\t\t\t\t<span class=\"elementor-accordion-icon elementor-accordion-icon-right\" aria-hidden=\"true\">\n\t\t\t\t\t\t\t\t\t\t\t\t\t\t\t<span class=\"elementor-accordion-icon-closed\"><svg class=\"e-font-icon-svg e-fas-plus\" viewbox=\"0 0 448 512\" xmlns=\"http:\/\/www.w3.org\/2000\/svg\"><path d=\"M416 208H272V64c0-17.67-14.33-32-32-32h-32c-17.67 0-32 14.33-32 32v144H32c-17.67 0-32 14.33-32 32v32c0 17.67 14.33 32 32 32h144v144c0 17.67 14.33 32 32 32h32c17.67 0 32-14.33 32-32V304h144c17.67 0 32-14.33 32-32v-32c0-17.67-14.33-32-32-32z\"><\/path><\/svg><\/span>\n\t\t\t\t\t\t\t\t<span class=\"elementor-accordion-icon-opened\"><svg class=\"e-font-icon-svg e-fas-minus\" viewbox=\"0 0 448 512\" xmlns=\"http:\/\/www.w3.org\/2000\/svg\"><path d=\"M416 208H32c-17.67 0-32 14.33-32 32v32c0 17.67 14.33 32 32 32h384c17.67 0 32-14.33 32-32v-32c0-17.67-14.33-32-32-32z\"><\/path><\/svg><\/span>\n\t\t\t\t\t\t\t\t\t\t\t\t\t\t<\/span>\n\t\t\t\t\t\t\t\t\t\t\t\t<a class=\"elementor-accordion-title\" tabindex=\"0\">Quels services de conciergerie sont disponibles ?<\/a>\n\t\t\t\t\t<\/div>\n\t\t\t\t\t<div id=\"elementor-tab-content-2792\" class=\"elementor-tab-content elementor-clearfix\" data-tab=\"2\" role=\"region\" aria-labelledby=\"elementor-tab-title-2792\"><p>Le service de conciergerie peut organiser des excursions, des r\u00e9servations de restaurant, et des transferts.<\/p><\/div>\n\t\t\t\t<\/div>\n\t\t\t\t\t\t\t<div class=\"elementor-accordion-item\">\n\t\t\t\t\t<div id=\"elementor-tab-title-2793\" class=\"elementor-tab-title\" data-tab=\"3\" role=\"button\" aria-controls=\"elementor-tab-content-2793\" aria-expanded=\"false\">\n\t\t\t\t\t\t\t\t\t\t\t\t\t<span class=\"elementor-accordion-icon elementor-accordion-icon-right\" aria-hidden=\"true\">\n\t\t\t\t\t\t\t\t\t\t\t\t\t\t\t<span class=\"elementor-accordion-icon-closed\"><svg class=\"e-font-icon-svg e-fas-plus\" viewbox=\"0 0 448 512\" xmlns=\"http:\/\/www.w3.org\/2000\/svg\"><path d=\"M416 208H272V64c0-17.67-14.33-32-32-32h-32c-17.67 0-32 14.33-32 32v144H32c-17.67 0-32 14.33-32 32v32c0 17.67 14.33 32 32 32h144v144c0 17.67 14.33 32 32 32h32c17.67 0 32-14.33 32-32V304h144c17.67 0 32-14.33 32-32v-32c0-17.67-14.33-32-32-32z\"><\/path><\/svg><\/span>\n\t\t\t\t\t\t\t\t<span class=\"elementor-accordion-icon-opened\"><svg class=\"e-font-icon-svg e-fas-minus\" viewbox=\"0 0 448 512\" xmlns=\"http:\/\/www.w3.org\/2000\/svg\"><path d=\"M416 208H32c-17.67 0-32 14.33-32 32v32c0 17.67 14.33 32 32 32h384c17.67 0 32-14.33 32-32v-32c0-17.67-14.33-32-32-32z\"><\/path><\/svg><\/span>\n\t\t\t\t\t\t\t\t\t\t\t\t\t\t<\/span>\n\t\t\t\t\t\t\t\t\t\t\t\t<a class=\"elementor-accordion-title\" tabindex=\"0\">La villa offre-t-elle un acc\u00e8s Wi-Fi ?<\/a>\n\t\t\t\t\t<\/div>\n\t\t\t\t\t<div id=\"elementor-tab-content-2793\" class=\"elementor-tab-content elementor-clearfix\" data-tab=\"3\" role=\"region\" aria-labelledby=\"elementor-tab-title-2793\"><p>Oui, la villa offre un acc\u00e8s Wi-Fi gratuit dans toutes les zones.<\/p><\/div>\n\t\t\t\t<\/div>\n\t\t\t\t\t\t\t<div class=\"elementor-accordion-item\">\n\t\t\t\t\t<div id=\"elementor-tab-title-2794\" class=\"elementor-tab-title\" data-tab=\"4\" role=\"button\" aria-controls=\"elementor-tab-content-2794\" aria-expanded=\"false\">\n\t\t\t\t\t\t\t\t\t\t\t\t\t<span class=\"elementor-accordion-icon elementor-accordion-icon-right\" aria-hidden=\"true\">\n\t\t\t\t\t\t\t\t\t\t\t\t\t\t\t<span class=\"elementor-accordion-icon-closed\"><svg class=\"e-font-icon-svg e-fas-plus\" viewbox=\"0 0 448 512\" xmlns=\"http:\/\/www.w3.org\/2000\/svg\"><path d=\"M416 208H272V64c0-17.67-14.33-32-32-32h-32c-17.67 0-32 14.33-32 32v144H32c-17.67 0-32 14.33-32 32v32c0 17.67 14.33 32 32 32h144v144c0 17.67 14.33 32 32 32h32c17.67 0 32-14.33 32-32V304h144c17.67 0 32-14.33 32-32v-32c0-17.67-14.33-32-32-32z\"><\/path><\/svg><\/span>\n\t\t\t\t\t\t\t\t<span class=\"elementor-accordion-icon-opened\"><svg class=\"e-font-icon-svg e-fas-minus\" viewbox=\"0 0 448 512\" xmlns=\"http:\/\/www.w3.org\/2000\/svg\"><path d=\"M416 208H32c-17.67 0-32 14.33-32 32v32c0 17.67 14.33 32 32 32h384c17.67 0 32-14.33 32-32v-32c0-17.67-14.33-32-32-32z\"><\/path><\/svg><\/span>\n\t\t\t\t\t\t\t\t\t\t\t\t\t\t<\/span>\n\t\t\t\t\t\t\t\t\t\t\t\t<a class=\"elementor-accordion-title\" tabindex=\"0\">Y a-t-il une politique de fumer \u00e0 l'int\u00e9rieur de la villa ?<\/a>\n\t\t\t\t\t<\/div>\n\t\t\t\t\t<div id=\"elementor-tab-content-2794\" class=\"elementor-tab-content elementor-clearfix\" data-tab=\"4\" role=\"region\" aria-labelledby=\"elementor-tab-title-2794\"><p>Pour le confort de tous les invit\u00e9s, fumer \u00e0 l&rsquo;int\u00e9rieur de la villa n&rsquo;est pas autoris\u00e9.<\/p><\/div>\n\t\t\t\t<\/div>\n\t\t\t\t\t\t\t\t<\/div>\n\t\t\t\t<\/div>\n\t\t\t\t<\/div>\n\t\t\t\t<\/div>\n\t\t<div class=\"elementor-element elementor-element-59b677a e-con-full elementor-hidden-mobile e-flex e-con e-child\" data-id=\"59b677a\" data-element_type=\"container\" data-settings=\"{&quot;sticky&quot;:&quot;top&quot;,&quot;sticky_offset&quot;:41,&quot;sticky_parent&quot;:&quot;yes&quot;,&quot;sticky_on&quot;:[&quot;desktop&quot;,&quot;tablet&quot;,&quot;mobile&quot;],&quot;sticky_effects_offset&quot;:0}\">\n\t\t\t\t<div class=\"elementor-element elementor-element-5585ef25 elementor-widget elementor-widget-sidebar\" data-id=\"5585ef25\" data-element_type=\"widget\" data-widget_type=\"sidebar.default\">\n\t\t\t\t<div class=\"elementor-widget-container\">\n\t\t\t<aside id=\"block-71\" class=\"widget widget_block widget_media_image\">\n<figure class=\"wp-block-image size-full is-resized\"><img fetchpriority=\"high\" decoding=\"async\" width=\"350\" height=\"600\" src=\"https:\/\/albaicin-event.be\/wp-content\/uploads\/2024\/05\/Ajouter-un-titre-7.png\" alt=\"\" class=\"wp-image-5214\" style=\"width:665px;height:auto\" srcset=\"https:\/\/albaicin-event.be\/wp-content\/uploads\/2024\/05\/Ajouter-un-titre-7.png 350w, https:\/\/albaicin-event.be\/wp-content\/uploads\/2024\/05\/Ajouter-un-titre-7-175x300.png 175w\" sizes=\"(max-width: 350px) 100vw, 350px\" \/><\/figure>\n<\/aside><aside id=\"block-72\" class=\"widget widget_block\">\n<div class=\"wp-block-uagb-container uagb-block-f133c757 alignfull uagb-is-root-container\"><div class=\"uagb-container-inner-blocks-wrap\"><\/div><\/div>\n<\/aside>\t\t<\/div>\n\t\t\t\t<\/div>\n\t\t\t\t<div class=\"elementor-element elementor-element-2bc23e57 elementor-button-success elementor-align-justify elementor-widget elementor-widget-button\" data-id=\"2bc23e57\" data-element_type=\"widget\" data-widget_type=\"button.default\">\n\t\t\t\t<div class=\"elementor-widget-container\">\n\t\t\t\t\t\t\t<div class=\"elementor-button-wrapper\">\n\t\t\t\t\t<a class=\"elementor-button elementor-button-link elementor-size-xl\" href=\"https:\/\/wa.me\/+33%20781%20535%20775\" target=\"_blank\" rel=\"noopener\">\n\t\t\t\t\t\t<span class=\"elementor-button-content-wrapper\">\n\t\t\t\t\t\t<span class=\"elementor-button-icon\">\n\t\t\t\t<svg aria-hidden=\"true\" class=\"e-font-icon-svg e-fab-whatsapp\" viewbox=\"0 0 448 512\" xmlns=\"http:\/\/www.w3.org\/2000\/svg\"><path d=\"M380.9 97.1C339 55.1 283.2 32 223.9 32c-122.4 0-222 99.6-222 222 0 39.1 10.2 77.3 29.6 111L0 480l117.7-30.9c32.4 17.7 68.9 27 106.1 27h.1c122.3 0 224.1-99.6 224.1-222 0-59.3-25.2-115-67.1-157zm-157 341.6c-33.2 0-65.7-8.9-94-25.7l-6.7-4-69.8 18.3L72 359.2l-4.4-7c-18.5-29.4-28.2-63.3-28.2-98.2 0-101.7 82.8-184.5 184.6-184.5 49.3 0 95.6 19.2 130.4 54.1 34.8 34.9 56.2 81.2 56.1 130.5 0 101.8-84.9 184.6-186.6 184.6zm101.2-138.2c-5.5-2.8-32.8-16.2-37.9-18-5.1-1.9-8.8-2.8-12.5 2.8-3.7 5.6-14.3 18-17.6 21.8-3.2 3.7-6.5 4.2-12 1.4-32.6-16.3-54-29.1-75.5-66-5.7-9.8 5.7-9.1 16.3-30.3 1.8-3.7.9-6.9-.5-9.7-1.4-2.8-12.5-30.1-17.1-41.2-4.5-10.8-9.1-9.3-12.5-9.5-3.2-.2-6.9-.2-10.6-.2-3.7 0-9.7 1.4-14.8 6.9-5.1 5.6-19.4 19-19.4 46.3 0 27.3 19.9 53.7 22.6 57.4 2.8 3.7 39.1 59.7 94.8 83.8 35.2 15.2 49 16.5 66.6 13.9 10.7-1.6 32.8-13.4 37.4-26.4 4.6-13 4.6-24.1 3.2-26.4-1.3-2.5-5-3.9-10.5-6.6z\"><\/path><\/svg>\t\t\t<\/span>\n\t\t\t\t\t\t\t\t\t<span class=\"elementor-button-text\">Par whatsapp<\/span>\n\t\t\t\t\t<\/span>\n\t\t\t\t\t<\/a>\n\t\t\t\t<\/div>\n\t\t\t\t\t\t<\/div>\n\t\t\t\t<\/div>\n\t\t\t\t<div class=\"elementor-element elementor-element-4ddf1753 elementor-align-justify elementor-widget elementor-widget-button\" data-id=\"4ddf1753\" data-element_type=\"widget\" data-widget_type=\"button.default\">\n\t\t\t\t<div class=\"elementor-widget-container\">\n\t\t\t\t\t\t\t<div class=\"elementor-button-wrapper\">\n\t\t\t\t\t<a class=\"elementor-button elementor-button-link elementor-size-xl\" href=\"tel: 212 619 304 147\">\n\t\t\t\t\t\t<span class=\"elementor-button-content-wrapper\">\n\t\t\t\t\t\t<span class=\"elementor-button-icon\">\n\t\t\t\t<svg aria-hidden=\"true\" class=\"e-font-icon-svg e-fas-phone-alt\" viewbox=\"0 0 512 512\" xmlns=\"http:\/\/www.w3.org\/2000\/svg\"><path d=\"M497.39 361.8l-112-48a24 24 0 0 0-28 6.9l-49.6 60.6A370.66 370.66 0 0 1 130.6 204.11l60.6-49.6a23.94 23.94 0 0 0 6.9-28l-48-112A24.16 24.16 0 0 0 122.6.61l-104 24A24 24 0 0 0 0 48c0 256.5 207.9 464 464 464a24 24 0 0 0 23.4-18.6l24-104a24.29 24.29 0 0 0-14.01-27.6z\"><\/path><\/svg>\t\t\t<\/span>\n\t\t\t\t\t\t\t\t\t<span class=\"elementor-button-text\">Appel direct<\/span>\n\t\t\t\t\t<\/span>\n\t\t\t\t\t<\/a>\n\t\t\t\t<\/div>\n\t\t\t\t\t\t<\/div>\n\t\t\t\t<\/div>\n\t\t\t\t<div class=\"elementor-element elementor-element-7dede9dd elementor-absolute elementor-widget__width-initial elementor-widget elementor-widget-text-editor\" data-id=\"7dede9dd\" data-element_type=\"widget\" data-settings=\"{&quot;_position&quot;:&quot;absolute&quot;}\" data-widget_type=\"text-editor.default\">\n\t\t\t\t<div class=\"elementor-widget-container\">\n\t\t\t\t\t\t\tD\u00e9couvrez les meilleurs<\/br> services de location<\/br> de villas \u00e0 Marrakech\t\t\t\t\t\t<\/div>\n\t\t\t\t<\/div>\n\t\t\t\t<\/div>\n\t\t\t\t<\/div>\n\t\t\t\t<\/div>","protected":false},"excerpt":{"rendered":"<p>villa pour les vacances Marrakech : D\u00e9couvrez la Villa Albaicin-Event, un Havre de Luxe et de S\u00e9r\u00e9nit\u00e9 introduction Nich\u00e9e au c\u0153ur du paysage \u00e9poustouflant de Marrakech, la villa \u00ab\u00a0Albaicin-event\u00a0\u00bb offre une exp\u00e9rience de vacances luxueuse qui allie le charme traditionnel marocain \u00e0 une \u00e9l\u00e9gance moderne. Cet \u00e9tablissement exclusif est parfaitement adapt\u00e9 pour ceux qui recherchent [&hellip;]<\/p>","protected":false},"author":1,"featured_media":1166,"comment_status":"closed","ping_status":"closed","sticky":false,"template":"","format":"standard","meta":{"_uag_custom_page_level_css":"","site-sidebar-layout":"default","site-content-layout":"","ast-site-content-layout":"default","site-content-style":"default","site-sidebar-style":"default","ast-global-header-display":"","ast-banner-title-visibility":"","ast-main-header-display":"","ast-hfb-above-header-display":"","ast-hfb-below-header-display":"","ast-hfb-mobile-header-display":"","site-post-title":"disabled","ast-breadcrumbs-content":"","ast-featured-img":"disabled","footer-sml-layout":"","theme-transparent-header-meta":"","adv-header-id-meta":"","stick-header-meta":"","header-above-stick-meta":"","header-main-stick-meta":"","header-below-stick-meta":"","astra-migrate-meta-layouts":"set","ast-page-background-enabled":"default","ast-page-background-meta":{"desktop":{"background-color":"","background-image":"","background-repeat":"repeat","background-position":"center center","background-size":"auto","background-attachment":"scroll","background-type":"","background-media":"","overlay-type":"","overlay-color":"","overlay-opacity":"","overlay-gradient":""},"tablet":{"background-color":"","background-image":"","background-repeat":"repeat","background-position":"center center","background-size":"auto","background-attachment":"scroll","background-type":"","background-media":"","overlay-type":"","overlay-color":"","overlay-opacity":"","overlay-gradient":""},"mobile":{"background-color":"","background-image":"","background-repeat":"repeat","background-position":"center center","background-size":"auto","background-attachment":"scroll","background-type":"","background-media":"","overlay-type":"","overlay-color":"","overlay-opacity":"","overlay-gradient":""}},"ast-content-background-meta":{"desktop":{"background-color":"var(--ast-global-color-5)","background-image":"","background-repeat":"repeat","background-position":"center center","background-size":"auto","background-attachment":"scroll","background-type":"","background-media":"","overlay-type":"","overlay-color":"","overlay-opacity":"","overlay-gradient":""},"tablet":{"background-color":"var(--ast-global-color-5)","background-image":"","background-repeat":"repeat","background-position":"center center","background-size":"auto","background-attachment":"scroll","background-type":"","background-media":"","overlay-type":"","overlay-color":"","overlay-opacity":"","overlay-gradient":""},"mobile":{"background-color":"var(--ast-global-color-5)","background-image":"","background-repeat":"repeat","background-position":"center center","background-size":"auto","background-attachment":"scroll","background-type":"","background-media":"","overlay-type":"","overlay-color":"","overlay-opacity":"","overlay-gradient":""}},"_joinchat":[],"footnotes":""},"categories":[1],"tags":[],"class_list":["post-5402","post","type-post","status-publish","format-standard","has-post-thumbnail","hentry","category-non-classifiee"],"uagb_featured_image_src":{"full":["https:\/\/albaicin-event.be\/wp-content\/uploads\/2023\/12\/parc-8-1.webp",1880,1253,false],"thumbnail":["https:\/\/albaicin-event.be\/wp-content\/uploads\/2023\/12\/parc-8-1-150x150.webp",150,150,true],"medium":["https:\/\/albaicin-event.be\/wp-content\/uploads\/2023\/12\/parc-8-1-300x200.webp",300,200,true],"medium_large":["https:\/\/albaicin-event.be\/wp-content\/uploads\/2023\/12\/parc-8-1-768x512.webp",768,512,true],"large":["https:\/\/albaicin-event.be\/wp-content\/uploads\/2023\/12\/parc-8-1-1024x682.webp",1024,682,true],"1536x1536":["https:\/\/albaicin-event.be\/wp-content\/uploads\/2023\/12\/parc-8-1-1536x1024.webp",1536,1024,true],"2048x2048":["https:\/\/albaicin-event.be\/wp-content\/uploads\/2023\/12\/parc-8-1.webp",1880,1253,false],"trp-custom-language-flag":["https:\/\/albaicin-event.be\/wp-content\/uploads\/2023\/12\/parc-8-1.webp",18,12,false],"htmega_size_585x295":["https:\/\/albaicin-event.be\/wp-content\/uploads\/2023\/12\/parc-8-1-585x295.webp",585,295,true],"htmega_size_1170x536":["https:\/\/albaicin-event.be\/wp-content\/uploads\/2023\/12\/parc-8-1-1170x536.webp",1170,536,true],"htmega_size_396x360":["https:\/\/albaicin-event.be\/wp-content\/uploads\/2023\/12\/parc-8-1-396x360.webp",396,360,true]},"uagb_author_info":{"display_name":"admin","author_link":"https:\/\/albaicin-event.be\/nl\/author\/admin\/"},"uagb_comment_info":0,"uagb_excerpt":"villa pour les vacances Marrakech : D\u00e9couvrez la Villa Albaicin-Event, un Havre de Luxe et de S\u00e9r\u00e9nit\u00e9 introduction Nich\u00e9e au c\u0153ur du paysage \u00e9poustouflant de Marrakech, la villa \u00ab\u00a0Albaicin-event\u00a0\u00bb offre une exp\u00e9rience de vacances luxueuse qui allie le charme traditionnel marocain \u00e0 une \u00e9l\u00e9gance moderne. Cet \u00e9tablissement exclusif est parfaitement adapt\u00e9 pour ceux qui recherchent&hellip;","_links":{"self":[{"href":"https:\/\/albaicin-event.be\/nl\/wp-json\/wp\/v2\/posts\/5402","targetHints":{"allow":["GET"]}}],"collection":[{"href":"https:\/\/albaicin-event.be\/nl\/wp-json\/wp\/v2\/posts"}],"about":[{"href":"https:\/\/albaicin-event.be\/nl\/wp-json\/wp\/v2\/types\/post"}],"author":[{"embeddable":true,"href":"https:\/\/albaicin-event.be\/nl\/wp-json\/wp\/v2\/users\/1"}],"replies":[{"embeddable":true,"href":"https:\/\/albaicin-event.be\/nl\/wp-json\/wp\/v2\/comments?post=5402"}],"version-history":[{"count":0,"href":"https:\/\/albaicin-event.be\/nl\/wp-json\/wp\/v2\/posts\/5402\/revisions"}],"wp:featuredmedia":[{"embeddable":true,"href":"https:\/\/albaicin-event.be\/nl\/wp-json\/wp\/v2\/media\/1166"}],"wp:attachment":[{"href":"https:\/\/albaicin-event.be\/nl\/wp-json\/wp\/v2\/media?parent=5402"}],"wp:term":[{"taxonomy":"category","embeddable":true,"href":"https:\/\/albaicin-event.be\/nl\/wp-json\/wp\/v2\/categories?post=5402"},{"taxonomy":"post_tag","embeddable":true,"href":"https:\/\/albaicin-event.be\/nl\/wp-json\/wp\/v2\/tags?post=5402"}],"curies":[{"name":"wp","href":"https:\/\/api.w.org\/{rel}","templated":true}]}}